{"id":1003,"date":"2015-06-18T21:39:11","date_gmt":"2015-06-18T19:39:11","guid":{"rendered":"http:\/\/waldkritik.de\/?p=1003"},"modified":"2016-08-23T22:34:40","modified_gmt":"2016-08-23T20:34:40","slug":"laudato-si","status":"publish","type":"post","link":"https:\/\/waldkritik.de\/?p=1003","title":{"rendered":"LAUDATO SI&#8217;"},"content":{"rendered":"<p style=\"text-align: justify;\"><em><strong>&#8220;\u00dcber die Sorge f\u00fcr das gemeinsame Haus&#8221;<\/strong><\/em><\/p>\n<p style=\"text-align: justify;\">Die heute erschienene Enzyklika von Papst Franziskus spricht mit ihren eineindeutigen Aussagen eigentlich f\u00fcr sich selbst und w\u00fcrde &#8211; wenn man sie denn beherzigte &#8211; ein eineindeutiges Handeln nach sich ziehen &#8211; es w\u00fcrde also nicht nur bei frommen Worten bleiben, wir werden sehn &#8230;<\/p>\n<p style=\"text-align: justify;\"><span style=\"color: #000000;\"><a style=\"color: #000000;\" title=\"Weiter zur Enzyklika\" href=\"http:\/\/oekoradix.de\/wp-content\/uploads\/2015\/06\/papa-francesco_20150524_enciclica-laudato-si_ge.pdf\" target=\"_blank\">Hier klicken, um direkt zur<\/a><\/span> <span style=\"color: #ff0000;\"><strong><a style=\"color: #ff0000;\" title=\"Weiter zur Enzyklika\" href=\"http:\/\/oekoradix.de\/wp-content\/uploads\/2015\/06\/papa-francesco_20150524_enciclica-laudato-si_ge.pdf\" target=\"_blank\">Enzyklika &#8220;LAUDATO SI&#8217; &#8220;<\/a><\/strong><a style=\"color: #ff0000;\" title=\"Weiter zur Enzyklika\" href=\"http:\/\/oekoradix.de\/wp-content\/uploads\/2015\/06\/papa-francesco_20150524_enciclica-laudato-si_ge.pdf\" target=\"_blank\"><span style=\"color: #000000;\"> zu kommen!<\/span><\/a><\/span><\/p>\n","protected":false},"excerpt":{"rendered":"<p>&#8220;\u00dcber die Sorge f\u00fcr das gemeinsame Haus&#8221; Die heute erschienene Enzyklika von Papst Franziskus spricht mit ihren eineindeutigen Aussagen eigentlich f\u00fcr sich selbst und w\u00fcrde &#8211; wenn man sie denn beherzigte &#8211; ein eineindeutiges Handeln nach sich ziehen &#8211; es w\u00fcrde also nicht nur bei frommen Worten bleiben, wir werden sehn &#8230; Hier klicken, um &hellip; <a href=\"https:\/\/waldkritik.de\/?p=1003\" class=\"more-link\"><span class=\"screen-reader-text\">LAUDATO SI&#8217;<\/span> weiterlesen <span class=\"meta-nav\">&rarr;<\/span><\/a><\/p>\n","protected":false},"author":1,"featured_media":0,"comment_status":"open","ping_status":"closed","sticky":false,"template":"","format":"standard","meta":{"footnotes":""},"categories":[1],"tags":[1082,1075,1077,1079,1060,1083,1084,1064,1071,1068,1073,1059,1074,1088,1061,1070,1076,1080,1065,34,1057,1090,918,1085,1087,375,1066,1067,1086,1058,1069,1056,1081,1089,850,1063,1072],"class_list":["post-1003","post","type-post","status-publish","format-standard","hentry","category-der-wald","tag-anthropologische-verflechtung","tag-bewahrung-der-schoepfung","tag-bewutseinswandel","tag-buendnis-menscheit-umwelt","tag-dialog","tag-ende-der-landverteilung-nach-oben","tag-ende-der-machtverteilung-nach-oben","tag-ethische-prinzipien","tag-faehigkeitenansatz","tag-finanzwesen","tag-frieden","tag-gemeinsame-bestimmung-der-gueter","tag-gerechtigkeit","tag-handlungsorientierte-lehre","tag-kirche","tag-komplexitaet","tag-kulturwandel","tag-lokale-politisierung","tag-menschliche-motivation","tag-nachhaltigkeit","tag-oekologische-umkehr","tag-oekologisches-engagement","tag-papst-franziskus","tag-paradigmenwechsel","tag-pluralismus","tag-politik","tag-probleme","tag-problemloeseprinzip","tag-relativismus","tag-soziale-zukunft","tag-technologie","tag-umweltenzyklika","tag-umweltverletzung-als-selbstverletzung","tag-wirtschaft-mit-bindung-an-das-gemeinwohl","tag-wissenschaft","tag-zusammenfuehrung-von-erkenntnissen","tag-zyklisches-produktionsmodell"],"_links":{"self":[{"href":"https:\/\/waldkritik.de\/index.php?rest_route=\/wp\/v2\/posts\/1003","targetHints":{"allow":["GET"]}}],"collection":[{"href":"https:\/\/waldkritik.de\/index.php?rest_route=\/wp\/v2\/posts"}],"about":[{"href":"https:\/\/waldkritik.de\/index.php?rest_route=\/wp\/v2\/types\/post"}],"author":[{"embeddable":true,"href":"https:\/\/waldkritik.de\/index.php?rest_route=\/wp\/v2\/users\/1"}],"replies":[{"embeddable":true,"href":"https:\/\/waldkritik.de\/index.php?rest_route=%2Fwp%2Fv2%2Fcomments&post=1003"}],"version-history":[{"count":1,"href":"https:\/\/waldkritik.de\/index.php?rest_route=\/wp\/v2\/posts\/1003\/revisions"}],"predecessor-version":[{"id":1004,"href":"https:\/\/waldkritik.de\/index.php?rest_route=\/wp\/v2\/posts\/1003\/revisions\/1004"}],"wp:attachment":[{"href":"https:\/\/waldkritik.de\/index.php?rest_route=%2Fwp%2Fv2%2Fmedia&parent=1003"}],"wp:term":[{"taxonomy":"category","embeddable":true,"href":"https:\/\/waldkritik.de\/index.php?rest_route=%2Fwp%2Fv2%2Fcategories&post=1003"},{"taxonomy":"post_tag","embeddable":true,"href":"https:\/\/waldkritik.de\/index.php?rest_route=%2Fwp%2Fv2%2Ftags&post=1003"}],"curies":[{"name":"wp","href":"https:\/\/api.w.org\/{rel}","templated":true}]}}