{"id":1012,"date":"2015-07-01T18:40:14","date_gmt":"2015-07-01T16:40:14","guid":{"rendered":"http:\/\/waldkritik.de\/?p=1012"},"modified":"2016-08-04T10:34:26","modified_gmt":"2016-08-04T08:34:26","slug":"1012","status":"publish","type":"post","link":"https:\/\/waldkritik.de\/?p=1012","title":{"rendered":"Bodenverdichtung in der Forstwirtschaft"},"content":{"rendered":"<p style=\"text-align: justify;\">Liebe Freunde der Initiative &#8220;Waldkritik&#8221;,<\/p>\n<p style=\"text-align: justify;\">im Nachfolgenden ver\u00f6ffentlichen wir einen Aufsatz zur Bodenverdichtung in der Forstwirtschaft von Herrn Prof. von Wilpert und Herrn Sch\u00e4ffer. Die Untersuchungen, die dem Aufsatz zugrundeliegen, haben im Sch\u00f6nbuch, genauer bei Weil im Sch\u00f6nbuch stattgefunden. Die Ergebnisse zeigen die <em><strong>\u00f6kologischen Konsequenzen<\/strong><\/em> aus der unsachgem\u00e4\u00dfen Befahrung das Feinwurzelsystems.<\/p>\n<p style=\"text-align: justify;\">Immer wieder weisen wir auf unserer Waldkritikseite auf die enormen Sch\u00e4den, die bei der Holzernte durch unsachgem\u00e4\u00dfe Befahrungen des Waldbodens entstehen, hin, auf die Zerst\u00f6rung der Vegetation, die Zerst\u00f6rung des Aufbaus der Humus- und Bodenstrukturen, die Zerst\u00f6rung des Gasaustausches, die Zerst\u00f6rung der ordentlichen Wasseraufnahmef\u00e4higkeit, die Zerst\u00f6rung der Symbiose von Pilzen und Feinwurzeln, die Vernichtung von Bodenorganismen usw. usw..<\/p>\n<p style=\"text-align: justify;\">Wenn durch Befahrungen z.B. das Feinwurzelsystem gesch\u00e4digt wird, obwohl das auch f\u00fcr BW g\u00fcltige <em><strong>Waldgesetz die Erhaltung der Bodenfruchtbarkeit<\/strong><\/em> fordert, dann kann die Holzernte nicht Ausdruck ordnungsgem\u00e4\u00dfer Forstwirtschaft sein! Bei der Anlage der R\u00fcckegassen in Baden W\u00fcrttemberg behauptet die Forstwirtschaft immer wieder einen Fl\u00e4chenverlust von 10% nicht zu \u00fcberschreiten, andere &#8211; hoch kompetente Experten &#8211; gehen von mindestens 20 % aus, womit der Bodenverlust bei mindestens 272 000 ha. liegt, dar\u00fcber hinaus gibt es nach wie vor keine Kennzahlen zur Differenzierung der Sch\u00e4den!<\/p>\n<p style=\"text-align: justify;\">Nat\u00fcrlich kann man immer wieder versuchen,\u00a0unsere Kritik l\u00e4cherlich zu machen, aber die n\u00fcchterne Faktizit\u00e4t, die durch die Waldbodensch\u00e4den entsteht, die kann man durch &#8220;L\u00e4cherlichmachen&#8221; nicht aus der Welt schaffen und die werden uns Menschen einholen &#8211; ob wir wollen oder nicht.<\/p>\n<p style=\"text-align: justify;\">Aber lesen Sie jetzt bitte den Aufsatz von Herrn Prof. von Wilpert und Herrn Sch\u00e4ffer in dem Sie <a title=\"Weiter zum Aufsatz\" href=\"https:\/\/waldkritik.de\/wp-content\/uploads\/2015\/07\/Bodenverdichtung-in-der-Forstwirtschaft.pdf\" target=\"_blank\"><strong><span style=\"color: #ff0000;\">HIER<\/span><\/strong><\/a> klicken.<\/p>\n","protected":false},"excerpt":{"rendered":"<p>Liebe Freunde der Initiative &#8220;Waldkritik&#8221;, im Nachfolgenden ver\u00f6ffentlichen wir einen Aufsatz zur Bodenverdichtung in der Forstwirtschaft von Herrn Prof. von Wilpert und Herrn Sch\u00e4ffer. Die Untersuchungen, die dem Aufsatz zugrundeliegen, haben im Sch\u00f6nbuch, genauer bei Weil im Sch\u00f6nbuch stattgefunden. Die Ergebnisse zeigen die \u00f6kologischen Konsequenzen aus der unsachgem\u00e4\u00dfen Befahrung das Feinwurzelsystems. Immer wieder weisen wir &hellip; <a href=\"https:\/\/waldkritik.de\/?p=1012\" class=\"more-link\"><span class=\"screen-reader-text\">Bodenverdichtung in der Forstwirtschaft<\/span> weiterlesen <span class=\"meta-nav\">&rarr;<\/span><\/a><\/p>\n","protected":false},"author":1,"featured_media":0,"comment_status":"open","ping_status":"closed","sticky":false,"template":"","format":"standard","meta":{"footnotes":""},"categories":[52,6,1],"tags":[698,404,754,183,662,752,697,760,191,757,753,759,136,755,758,184,751,756],"class_list":["post-1012","post","type-post","status-publish","format-standard","hentry","category-allgemeine-waldthemen","category-baden-wuerttemberg","category-der-wald","tag-bodenstruktureller-gau","tag-bodenverformung","tag-einsatzspektrum-forstmaschinen","tag-feinerschliessungsrichtlinie","tag-forsthochschule-rottenburg","tag-fva-freiburg","tag-grundbruch","tag-inkaufnahme-der-schaeden-ist-gesetzeswidrig","tag-juergen-schaeffer","tag-krafteinwirkung-und-scherkraefte","tag-mechanisierung-der-forstarbeit","tag-oekologische-folgen","tag-rueckegassenkonzept","tag-steigende-fahrzeuggewichte","tag-unabsichtliche-bodenverformungsexperimente","tag-uni-freiburg","tag-von-wilpert","tag-waldboden-ungeschuetztes-widerlager"],"_links":{"self":[{"href":"https:\/\/waldkritik.de\/index.php?rest_route=\/wp\/v2\/posts\/1012","targetHints":{"allow":["GET"]}}],"collection":[{"href":"https:\/\/waldkritik.de\/index.php?rest_route=\/wp\/v2\/posts"}],"about":[{"href":"https:\/\/waldkritik.de\/index.php?rest_route=\/wp\/v2\/types\/post"}],"author":[{"embeddable":true,"href":"https:\/\/waldkritik.de\/index.php?rest_route=\/wp\/v2\/users\/1"}],"replies":[{"embeddable":true,"href":"https:\/\/waldkritik.de\/index.php?rest_route=%2Fwp%2Fv2%2Fcomments&post=1012"}],"version-history":[{"count":6,"href":"https:\/\/waldkritik.de\/index.php?rest_route=\/wp\/v2\/posts\/1012\/revisions"}],"predecessor-version":[{"id":1017,"href":"https:\/\/waldkritik.de\/index.php?rest_route=\/wp\/v2\/posts\/1012\/revisions\/1017"}],"wp:attachment":[{"href":"https:\/\/waldkritik.de\/index.php?rest_route=%2Fwp%2Fv2%2Fmedia&parent=1012"}],"wp:term":[{"taxonomy":"category","embeddable":true,"href":"https:\/\/waldkritik.de\/index.php?rest_route=%2Fwp%2Fv2%2Fcategories&post=1012"},{"taxonomy":"post_tag","embeddable":true,"href":"https:\/\/waldkritik.de\/index.php?rest_route=%2Fwp%2Fv2%2Ftags&post=1012"}],"curies":[{"name":"wp","href":"https:\/\/api.w.org\/{rel}","templated":true}]}}