{"id":1025,"date":"2015-07-14T19:30:45","date_gmt":"2015-07-14T17:30:45","guid":{"rendered":"http:\/\/waldkritik.de\/?p=1025"},"modified":"2016-08-01T10:53:18","modified_gmt":"2016-08-01T08:53:18","slug":"artenvielfalt-schuetzen-die-zeit-draengt","status":"publish","type":"post","link":"https:\/\/waldkritik.de\/?p=1025","title":{"rendered":"Bodenschutzkonzept f\u00fcr den Sch\u00f6nbuch"},"content":{"rendered":"<p>Zur Vorbereitung unseres Bodenschutzkonzeptes f\u00fcr den Sch\u00f6nbuch m\u00f6chten wir allen Interessierten die beiden nachfolgenden Artikel \/ Beitr\u00e4ge empfehlen:<\/p>\n<p>Bemerkenswert f\u00fcr Baden W\u00fcrttemberg ist die Dissertation von Herrn Dr. Sch\u00e4ffers. In der Kurzfassung werden Verformungssch\u00e4den auf den befahrbaren Waldfl\u00e4chen in der<span style=\"color: #ff0000;\"> H\u00d6HE VON 50 PROZENT<\/span> angegeben.<\/p>\n<p style=\"text-align: justify;\"><a title=\"Weiter zum Beitrag\" href=\"https:\/\/waldkritik.de\/wp-content\/uploads\/2015\/07\/FFF_53_Diss_Sch\u00e4ffer_fff_b_53-1.pdf\" target=\"_blank\">Klicken Sie hier &gt;&gt;&gt;<\/a><\/p>\n<p>Der Beitrag Matthies, spricht die rechtliche Seite der Sch\u00e4den an.<\/p>\n<p><a title=\"Weiter zum Beitrag\" href=\"https:\/\/waldkritik.de\/wp-content\/uploads\/2015\/07\/kolloquium_maerz_08_kurzfassungen.pdf\" target=\"_blank\">Klicken Sie hier &gt;&gt;&gt;<\/a><\/p>\n","protected":false},"excerpt":{"rendered":"<p>Zur Vorbereitung unseres Bodenschutzkonzeptes f\u00fcr den Sch\u00f6nbuch m\u00f6chten wir allen Interessierten die beiden nachfolgenden Artikel \/ Beitr\u00e4ge empfehlen: Bemerkenswert f\u00fcr Baden W\u00fcrttemberg ist die Dissertation von Herrn Dr. Sch\u00e4ffers. In der Kurzfassung werden Verformungssch\u00e4den auf den befahrbaren Waldfl\u00e4chen in der H\u00d6HE VON 50 PROZENT angegeben. Klicken Sie hier &gt;&gt;&gt; Der Beitrag Matthies, spricht die rechtliche &hellip; <a href=\"https:\/\/waldkritik.de\/?p=1025\" class=\"more-link\"><span class=\"screen-reader-text\">Bodenschutzkonzept f\u00fcr den Sch\u00f6nbuch<\/span> weiterlesen <span class=\"meta-nav\">&rarr;<\/span><\/a><\/p>\n","protected":false},"author":1,"featured_media":0,"comment_status":"open","ping_status":"closed","sticky":false,"template":"","format":"standard","meta":{"footnotes":""},"categories":[1],"tags":[693,677,683,682,676,698,404,686,694,156,179,697,695,699,191,701,692,678,688,684,700,696,681,27,546,680,689,703,691,589,685,702,687,190,679,690],"class_list":["post-1025","post","type-post","status-publish","format-standard","hentry","category-der-wald","tag-befahrungssensitive-substrate","tag-belueftung","tag-belueftungshemmung","tag-belueftungsszenarien","tag-bodenstruktur","tag-bodenstruktureller-gau","tag-bodenverformung","tag-bodenzustanderfassung","tag-dietmar-matthies","tag-durchwurzelung","tag-forstspezialmaschinen","tag-grundbruch","tag-harvesterforwarder","tag-holznachfrage","tag-juergen-schaeffer","tag-klimawandel","tag-messnetzpunkte","tag-naerstoffversorgung","tag-paarvergleich","tag-praxisbefahrungsflaechen","tag-produktivitaet","tag-radlasten","tag-rhizotronscheibe","tag-rueckegassen","tag-sauerstoffversorgung","tag-schadenfreie-befahrung","tag-schrumpfungsrisse","tag-schutzanforderungen","tag-strukturstoerung","tag-technische-befahrbarkeit-ist-gesetzeswidrig","tag-verformungsschadenansprache","tag-verschaerfte-bodenproblematik","tag-waldboeden-in-baden-wuerttemberg","tag-walderschliessung","tag-wasserversorgung","tag-wuzelraumerschliessung"],"_links":{"self":[{"href":"https:\/\/waldkritik.de\/index.php?rest_route=\/wp\/v2\/posts\/1025","targetHints":{"allow":["GET"]}}],"collection":[{"href":"https:\/\/waldkritik.de\/index.php?rest_route=\/wp\/v2\/posts"}],"about":[{"href":"https:\/\/waldkritik.de\/index.php?rest_route=\/wp\/v2\/types\/post"}],"author":[{"embeddable":true,"href":"https:\/\/waldkritik.de\/index.php?rest_route=\/wp\/v2\/users\/1"}],"replies":[{"embeddable":true,"href":"https:\/\/waldkritik.de\/index.php?rest_route=%2Fwp%2Fv2%2Fcomments&post=1025"}],"version-history":[{"count":6,"href":"https:\/\/waldkritik.de\/index.php?rest_route=\/wp\/v2\/posts\/1025\/revisions"}],"predecessor-version":[{"id":1033,"href":"https:\/\/waldkritik.de\/index.php?rest_route=\/wp\/v2\/posts\/1025\/revisions\/1033"}],"wp:attachment":[{"href":"https:\/\/waldkritik.de\/index.php?rest_route=%2Fwp%2Fv2%2Fmedia&parent=1025"}],"wp:term":[{"taxonomy":"category","embeddable":true,"href":"https:\/\/waldkritik.de\/index.php?rest_route=%2Fwp%2Fv2%2Fcategories&post=1025"},{"taxonomy":"post_tag","embeddable":true,"href":"https:\/\/waldkritik.de\/index.php?rest_route=%2Fwp%2Fv2%2Ftags&post=1025"}],"curies":[{"name":"wp","href":"https:\/\/api.w.org\/{rel}","templated":true}]}}