{"id":1057,"date":"2015-07-13T22:18:26","date_gmt":"2015-07-13T20:18:26","guid":{"rendered":"http:\/\/waldkritik.de\/?p=1057"},"modified":"2016-08-16T16:08:49","modified_gmt":"2016-08-16T14:08:49","slug":"bodenschutz-nach-schweizer-art","status":"publish","type":"post","link":"https:\/\/waldkritik.de\/?p=1057","title":{"rendered":"Bodenschutz nach Schweizer Art"},"content":{"rendered":"<p>Gesunde B\u00f6den sind f\u00fcr die Erhaltung einer alles umfassenden Nachhaltigkeit im Wald eine grundlegende Voraussetzung. Naturbelassene B\u00f6den stellen ein System mit erstaunlich grosser Selbsterhaltungskraft dar und gew\u00e4hrleisten umfassend die Erf\u00fcllung aller Waldfunktionen. B\u00f6den sind aber auch eine nicht erneuerbare Ressource. Es ist daher wichtig, dass Waldb\u00f6den in ihrer Fruchtbarkeit weder durch Stoffeintr\u00e4ge noch durch die Waldbewirtschaftung mit entsprechenden physikalischen Einwirkungen beeintr\u00e4chtigt werden.<\/p>\n<p><strong><span style=\"color: #0000ff;\"><a style=\"color: #0000ff;\" title=\"Weiter zum Bodenschutz Artikel\" href=\"http:\/\/www.wsl.ch\/dienstleistungen\/publikationen\/pdf\/13083.pdf\" target=\"_blank\">Weiter lesen &gt;&gt;&gt;&gt;<\/a><\/span><\/strong><\/p>\n","protected":false},"excerpt":{"rendered":"<p>Gesunde B\u00f6den sind f\u00fcr die Erhaltung einer alles umfassenden Nachhaltigkeit im Wald eine grundlegende Voraussetzung. Naturbelassene B\u00f6den stellen ein System mit erstaunlich grosser Selbsterhaltungskraft dar und gew\u00e4hrleisten umfassend die Erf\u00fcllung aller Waldfunktionen. B\u00f6den sind aber auch eine nicht erneuerbare Ressource. Es ist daher wichtig, dass Waldb\u00f6den in ihrer Fruchtbarkeit weder durch Stoffeintr\u00e4ge noch durch die &hellip; <a href=\"https:\/\/waldkritik.de\/?p=1057\" class=\"more-link\"><span class=\"screen-reader-text\">Bodenschutz nach Schweizer Art<\/span> weiterlesen <span class=\"meta-nav\">&rarr;<\/span><\/a><\/p>\n","protected":false},"author":1,"featured_media":0,"comment_status":"open","ping_status":"closed","sticky":false,"template":"","format":"standard","meta":{"footnotes":""},"categories":[52,1],"tags":[1034,1040,1029,1025,1021,1024,1014,1030,1031,1026,1020,1041,1035,1036,1016,1037,1027,1019,998,1022,1039,1023,1018,1028,1038,1017,1033,1032,1015],"class_list":["post-1057","post","type-post","status-publish","format-standard","hentry","category-allgemeine-waldthemen","category-der-wald","tag-aargauer-wald","tag-betreibliche-planung","tag-bodenart-und-gefuege","tag-bodenaufbau","tag-bodenhorizont","tag-bodenkenntnisse","tag-bodenschutz-im-wald","tag-bodenschutz-in-europa","tag-bodenschutzstrategien","tag-bodenwasserhaushalt","tag-dpsir-ansatz","tag-durchfuehrung-holzernte","tag-gefaehrdungspotentiale","tag-gesetzliche-grundlagen","tag-konflikte","tag-kosten-bodenschutz","tag-literatur","tag-peter-luescher","tag-qualitaetsstandards","tag-spureintiefung","tag-spurtyp-3","tag-standortkunde","tag-tagungsband","tag-tragfaehigkeit","tag-ueberwachung","tag-umsetzung","tag-vorsorgeprinzip","tag-waldpolitik-2020","tag-ziele"],"_links":{"self":[{"href":"https:\/\/waldkritik.de\/index.php?rest_route=\/wp\/v2\/posts\/1057","targetHints":{"allow":["GET"]}}],"collection":[{"href":"https:\/\/waldkritik.de\/index.php?rest_route=\/wp\/v2\/posts"}],"about":[{"href":"https:\/\/waldkritik.de\/index.php?rest_route=\/wp\/v2\/types\/post"}],"author":[{"embeddable":true,"href":"https:\/\/waldkritik.de\/index.php?rest_route=\/wp\/v2\/users\/1"}],"replies":[{"embeddable":true,"href":"https:\/\/waldkritik.de\/index.php?rest_route=%2Fwp%2Fv2%2Fcomments&post=1057"}],"version-history":[{"count":3,"href":"https:\/\/waldkritik.de\/index.php?rest_route=\/wp\/v2\/posts\/1057\/revisions"}],"predecessor-version":[{"id":1059,"href":"https:\/\/waldkritik.de\/index.php?rest_route=\/wp\/v2\/posts\/1057\/revisions\/1059"}],"wp:attachment":[{"href":"https:\/\/waldkritik.de\/index.php?rest_route=%2Fwp%2Fv2%2Fmedia&parent=1057"}],"wp:term":[{"taxonomy":"category","embeddable":true,"href":"https:\/\/waldkritik.de\/index.php?rest_route=%2Fwp%2Fv2%2Fcategories&post=1057"},{"taxonomy":"post_tag","embeddable":true,"href":"https:\/\/waldkritik.de\/index.php?rest_route=%2Fwp%2Fv2%2Ftags&post=1057"}],"curies":[{"name":"wp","href":"https:\/\/api.w.org\/{rel}","templated":true}]}}