{"id":1068,"date":"2015-07-14T16:00:58","date_gmt":"2015-07-14T14:00:58","guid":{"rendered":"http:\/\/waldkritik.de\/?p=1068"},"modified":"2016-08-04T10:15:16","modified_gmt":"2016-08-04T08:15:16","slug":"auswirkungen-von-bodenbefahrungen","status":"publish","type":"post","link":"https:\/\/waldkritik.de\/?p=1068","title":{"rendered":"Auswirkungen von Bodenbefahrungen"},"content":{"rendered":"<p style=\"text-align: justify;\">In der <em>Freiburger Bodenkundlichen Abhandlungen Nr.40<\/em> von T. G\u00e4rtig hat dieser schon 2001 festgestellt, da\u00df f\u00fcr den Bodengashaushalt, das Feinwurzelsystem und die Vitalit\u00e4t von Eichenbest\u00e4nden die Bodenbefahrung eine entscheidend wichtige Rolle spielt.<\/p>\n<p style=\"text-align: justify;\">Schon 2001 &#8211; also vor immerhin 14 Jahren &#8211; war es allen beteiligten Fachleuten durchaus klar, da\u00df es sich bei den Bodenverdichtungen und -deformationen bei Leibe nicht um ein &#8220;\u00e4sthetisches&#8221; Problem handelt, was sich bereits nach kurzer Zeit durch neue Begr\u00fcnungen erledigt!<\/p>\n<p style=\"text-align: justify;\">Auch hier zeigt sich wieder: Wir haben kein Wissensproblem, wir haben ein Umsetzungsproblem, die Tat folgt leider nicht &#8216;mehr&#8217; der wissenschaftlichen, \u00f6kologisch sinnvollen Einsicht, sondern der \u00f6konomischen &#8216;Notwendigkeit&#8217; &#8230;<\/p>\n<p><a href=\"https:\/\/waldkritik.de\/wp-content\/uploads\/2015\/07\/Boden-unbefahren-befahren.jpg\"><img loading=\"lazy\" decoding=\"async\" class=\"aligncenter size-full wp-image-1069\" src=\"https:\/\/waldkritik.de\/wp-content\/uploads\/2015\/07\/Boden-unbefahren-befahren.jpg\" alt=\"Boden unbefahren-befahren\" width=\"2229\" height=\"2030\" srcset=\"https:\/\/waldkritik.de\/wp-content\/uploads\/2015\/07\/Boden-unbefahren-befahren.jpg 2229w, https:\/\/waldkritik.de\/wp-content\/uploads\/2015\/07\/Boden-unbefahren-befahren-300x273.jpg 300w, https:\/\/waldkritik.de\/wp-content\/uploads\/2015\/07\/Boden-unbefahren-befahren-1024x933.jpg 1024w\" sizes=\"auto, (max-width: 2229px) 100vw, 2229px\" \/><\/a><\/p>\n","protected":false},"excerpt":{"rendered":"<p>In der Freiburger Bodenkundlichen Abhandlungen Nr.40 von T. G\u00e4rtig hat dieser schon 2001 festgestellt, da\u00df f\u00fcr den Bodengashaushalt, das Feinwurzelsystem und die Vitalit\u00e4t von Eichenbest\u00e4nden die Bodenbefahrung eine entscheidend wichtige Rolle spielt. Schon 2001 &#8211; also vor immerhin 14 Jahren &#8211; war es allen beteiligten Fachleuten durchaus klar, da\u00df es sich bei den Bodenverdichtungen und &hellip; <a href=\"https:\/\/waldkritik.de\/?p=1068\" class=\"more-link\"><span class=\"screen-reader-text\">Auswirkungen von Bodenbefahrungen<\/span> weiterlesen <span class=\"meta-nav\">&rarr;<\/span><\/a><\/p>\n","protected":false},"author":1,"featured_media":0,"comment_status":"open","ping_status":"closed","sticky":false,"template":"","format":"standard","meta":{"footnotes":""},"categories":[52,1],"tags":[747,748,749,745,746],"class_list":["post-1068","post","type-post","status-publish","format-standard","hentry","category-allgemeine-waldthemen","category-der-wald","tag-bodenbefahrung","tag-bodengashaushalt","tag-feinwurzelsystem","tag-freiburger-bundenkundliche-abhandlungen","tag-t-gaertig"],"_links":{"self":[{"href":"https:\/\/waldkritik.de\/index.php?rest_route=\/wp\/v2\/posts\/1068","targetHints":{"allow":["GET"]}}],"collection":[{"href":"https:\/\/waldkritik.de\/index.php?rest_route=\/wp\/v2\/posts"}],"about":[{"href":"https:\/\/waldkritik.de\/index.php?rest_route=\/wp\/v2\/types\/post"}],"author":[{"embeddable":true,"href":"https:\/\/waldkritik.de\/index.php?rest_route=\/wp\/v2\/users\/1"}],"replies":[{"embeddable":true,"href":"https:\/\/waldkritik.de\/index.php?rest_route=%2Fwp%2Fv2%2Fcomments&post=1068"}],"version-history":[{"count":3,"href":"https:\/\/waldkritik.de\/index.php?rest_route=\/wp\/v2\/posts\/1068\/revisions"}],"predecessor-version":[{"id":1073,"href":"https:\/\/waldkritik.de\/index.php?rest_route=\/wp\/v2\/posts\/1068\/revisions\/1073"}],"wp:attachment":[{"href":"https:\/\/waldkritik.de\/index.php?rest_route=%2Fwp%2Fv2%2Fmedia&parent=1068"}],"wp:term":[{"taxonomy":"category","embeddable":true,"href":"https:\/\/waldkritik.de\/index.php?rest_route=%2Fwp%2Fv2%2Fcategories&post=1068"},{"taxonomy":"post_tag","embeddable":true,"href":"https:\/\/waldkritik.de\/index.php?rest_route=%2Fwp%2Fv2%2Ftags&post=1068"}],"curies":[{"name":"wp","href":"https:\/\/api.w.org\/{rel}","templated":true}]}}