{"id":116,"date":"2014-07-15T11:47:24","date_gmt":"2014-07-15T09:47:24","guid":{"rendered":"http:\/\/waldkritik.de\/?p=116"},"modified":"2016-08-12T22:38:50","modified_gmt":"2016-08-12T20:38:50","slug":"in-eigener-sache","status":"publish","type":"post","link":"https:\/\/waldkritik.de\/?p=116","title":{"rendered":"In eigener Sache!"},"content":{"rendered":"<p>Liebe Leser von &#8220;Waldkritik&#8221;, heute hat uns die Mail von Herrn Walter Trefz erreicht, \u00fcber die wir uns sehr gefreut haben und sie deshalb im Folgenden hier ver\u00f6ffentlichen m\u00f6chten:<\/p>\n<pre>Sehr geehrter Herr Kunz, sehr geehrter Herr Luther\r\nherzlichen Gl\u00fcckwunsch und ein herzliches Danke zur neuen Webseite.\r\nIch nehme an es ist in ihrem Sinn, wenn sie an \"Waldl\u00e4ufer\" weitergegeben\r\nwird. Dies kann man im Anschreiben noch vermerken.\r\nEinen guten Start w\u00fcnscht    Walter Trefz<\/pre>\n","protected":false},"excerpt":{"rendered":"<p>Liebe Leser von &#8220;Waldkritik&#8221;, heute hat uns die Mail von Herrn Walter Trefz erreicht, \u00fcber die wir uns sehr gefreut haben und sie deshalb im Folgenden hier ver\u00f6ffentlichen m\u00f6chten: Sehr geehrter Herr Kunz, sehr geehrter Herr Luther herzlichen Gl\u00fcckwunsch und ein herzliches Danke zur neuen Webseite. Ich nehme an es ist in ihrem Sinn, wenn &hellip; <a href=\"https:\/\/waldkritik.de\/?p=116\" class=\"more-link\"><span class=\"screen-reader-text\">In eigener Sache!<\/span> weiterlesen <span class=\"meta-nav\">&rarr;<\/span><\/a><\/p>\n","protected":false},"author":1,"featured_media":0,"comment_status":"open","ping_status":"closed","sticky":false,"template":"","format":"standard","meta":{"footnotes":""},"categories":[1],"tags":[24,881,335,880,879],"class_list":["post-116","post","type-post","status-publish","format-standard","hentry","category-der-wald","tag-forst-bw","tag-internetauftritt","tag-waldkritik","tag-waldlaeufer","tag-walter-trefz"],"_links":{"self":[{"href":"https:\/\/waldkritik.de\/index.php?rest_route=\/wp\/v2\/posts\/116","targetHints":{"allow":["GET"]}}],"collection":[{"href":"https:\/\/waldkritik.de\/index.php?rest_route=\/wp\/v2\/posts"}],"about":[{"href":"https:\/\/waldkritik.de\/index.php?rest_route=\/wp\/v2\/types\/post"}],"author":[{"embeddable":true,"href":"https:\/\/waldkritik.de\/index.php?rest_route=\/wp\/v2\/users\/1"}],"replies":[{"embeddable":true,"href":"https:\/\/waldkritik.de\/index.php?rest_route=%2Fwp%2Fv2%2Fcomments&post=116"}],"version-history":[{"count":2,"href":"https:\/\/waldkritik.de\/index.php?rest_route=\/wp\/v2\/posts\/116\/revisions"}],"predecessor-version":[{"id":118,"href":"https:\/\/waldkritik.de\/index.php?rest_route=\/wp\/v2\/posts\/116\/revisions\/118"}],"wp:attachment":[{"href":"https:\/\/waldkritik.de\/index.php?rest_route=%2Fwp%2Fv2%2Fmedia&parent=116"}],"wp:term":[{"taxonomy":"category","embeddable":true,"href":"https:\/\/waldkritik.de\/index.php?rest_route=%2Fwp%2Fv2%2Fcategories&post=116"},{"taxonomy":"post_tag","embeddable":true,"href":"https:\/\/waldkritik.de\/index.php?rest_route=%2Fwp%2Fv2%2Ftags&post=116"}],"curies":[{"name":"wp","href":"https:\/\/api.w.org\/{rel}","templated":true}]}}