{"id":119,"date":"2014-08-05T19:20:41","date_gmt":"2014-08-05T17:20:41","guid":{"rendered":"http:\/\/waldkritik.de\/?p=119"},"modified":"2016-08-18T13:14:14","modified_gmt":"2016-08-18T11:14:14","slug":"grundlagen-fuer-ein-bodenschutzkonzept-des-landesbetriebs-forst-brandenburg-2","status":"publish","type":"post","link":"https:\/\/waldkritik.de\/?p=119","title":{"rendered":"Grundlagen f\u00fcr ein Bodenschutzkonzept  des Landesbetriebs Forst Brandenburg"},"content":{"rendered":"<p>Liebe Freunde des Waldes, Martin Gr\u00fcll hat uns zur Ver\u00f6ffentlichung seinen Beitrag &#8220;Grundlagen f\u00fcr ein Bodenschutzkonzept des Landesbetriebs Forst Brandenburg&#8221; weitergegeben. Der Beitrag der aus einem Vortrags beim diesj\u00e4hrigen<br \/>\nLFE-Winterkolloquium entstanden ist, kann <a title=\"Grundlagen f\u00fcr ein Bodenschutzkonzept des Landesbetriebs Forst Brandenburg\" href=\"https:\/\/waldkritik.de\/wp-content\/uploads\/2014\/08\/Grundlagen-f\u00fcr-ein-Bodenschutzkonzept-des-Landesbetriebs-Forst-Brandenburg.pdf\" target=\"_blank\"><span style=\"color: #000080;\"><strong>HIER<\/strong><\/span><\/a>\u00a0 aufgerufen werden.<\/p>\n<p>Ganz herzlichen Dank daf\u00fcr!<\/p>\n<p>Wer sich f\u00fcr den gesamten Band 55 der Eberswalder Forstlichen Schriftenreihe (EFS) interessiert, kann diesen \u00fcber den nachfolgenden Link aufrufen:<\/p>\n<p><a href=\"http:\/\/forst.brandenburg.de\/cms\/media.php\/lbm1.a.4595.de\/efs55.pdf\" target=\"_blank\"><strong><span style=\"color: #000080;\">Band 55 der Eberswalder Forstlichen Schriftenreihe<\/span><\/strong><\/a><\/p>\n","protected":false},"excerpt":{"rendered":"<p>Liebe Freunde des Waldes, Martin Gr\u00fcll hat uns zur Ver\u00f6ffentlichung seinen Beitrag &#8220;Grundlagen f\u00fcr ein Bodenschutzkonzept des Landesbetriebs Forst Brandenburg&#8221; weitergegeben. Der Beitrag der aus einem Vortrags beim diesj\u00e4hrigen LFE-Winterkolloquium entstanden ist, kann HIER\u00a0 aufgerufen werden. Ganz herzlichen Dank daf\u00fcr! Wer sich f\u00fcr den gesamten Band 55 der Eberswalder Forstlichen Schriftenreihe (EFS) interessiert, kann diesen &hellip; <a href=\"https:\/\/waldkritik.de\/?p=119\" class=\"more-link\"><span class=\"screen-reader-text\">Grundlagen f\u00fcr ein Bodenschutzkonzept  des Landesbetriebs Forst Brandenburg<\/span> weiterlesen <span class=\"meta-nav\">&rarr;<\/span><\/a><\/p>\n","protected":false},"author":1,"featured_media":0,"comment_status":"open","ping_status":"closed","sticky":false,"template":"","format":"standard","meta":{"footnotes":""},"categories":[52,11,54,1],"tags":[49,1043,44,1048,1052,1053,1042,46,1047,1044,1045,1046,45,34,47,1050,1049,373,1055,1051,1054],"class_list":["post-119","post","type-post","status-publish","format-standard","hentry","category-allgemeine-waldthemen","category-brandenburg","category-buch-und-lesetipps","category-der-wald","tag-bodenfunktionsbewertung","tag-bodenpfleglichkeitsstrategien","tag-bodenschutzkonzept","tag-bodenschutzrecht","tag-dienende-funktion-der-forsttechnik","tag-entscheidunghshilfen","tag-forst-brandenburg","tag-forstrecht","tag-forstzertifizierungsstandards","tag-gesetzliche-mindeststandards","tag-grundsaetze-bodenschutzrecht","tag-gute-fachliche-praxis","tag-martin-gruell","tag-nachhaltigkeit","tag-naturschutzrecht","tag-naturvertraeglichkeit","tag-oekologische-vertraeglichkeit","tag-ordnungsgemaesse-forstwirtschaft","tag-produktionsplanung-auf-standoertlicher-grundlage","tag-schadensvorbeugung","tag-schonende-gassenbefahrung"],"_links":{"self":[{"href":"https:\/\/waldkritik.de\/index.php?rest_route=\/wp\/v2\/posts\/119","targetHints":{"allow":["GET"]}}],"collection":[{"href":"https:\/\/waldkritik.de\/index.php?rest_route=\/wp\/v2\/posts"}],"about":[{"href":"https:\/\/waldkritik.de\/index.php?rest_route=\/wp\/v2\/types\/post"}],"author":[{"embeddable":true,"href":"https:\/\/waldkritik.de\/index.php?rest_route=\/wp\/v2\/users\/1"}],"replies":[{"embeddable":true,"href":"https:\/\/waldkritik.de\/index.php?rest_route=%2Fwp%2Fv2%2Fcomments&post=119"}],"version-history":[{"count":2,"href":"https:\/\/waldkritik.de\/index.php?rest_route=\/wp\/v2\/posts\/119\/revisions"}],"predecessor-version":[{"id":253,"href":"https:\/\/waldkritik.de\/index.php?rest_route=\/wp\/v2\/posts\/119\/revisions\/253"}],"wp:attachment":[{"href":"https:\/\/waldkritik.de\/index.php?rest_route=%2Fwp%2Fv2%2Fmedia&parent=119"}],"wp:term":[{"taxonomy":"category","embeddable":true,"href":"https:\/\/waldkritik.de\/index.php?rest_route=%2Fwp%2Fv2%2Fcategories&post=119"},{"taxonomy":"post_tag","embeddable":true,"href":"https:\/\/waldkritik.de\/index.php?rest_route=%2Fwp%2Fv2%2Ftags&post=119"}],"curies":[{"name":"wp","href":"https:\/\/api.w.org\/{rel}","templated":true}]}}