{"id":1207,"date":"2015-08-12T22:20:20","date_gmt":"2015-08-12T20:20:20","guid":{"rendered":"http:\/\/waldkritik.de\/?p=1207"},"modified":"2016-08-01T10:14:36","modified_gmt":"2016-08-01T08:14:36","slug":"artikel-in-der-kreiszeitung-boeblingen","status":"publish","type":"post","link":"https:\/\/waldkritik.de\/?p=1207","title":{"rendered":"Artikel in der Kreiszeitung B\u00f6blingen"},"content":{"rendered":"<p>Liebe Freunde der Initiative \u201cWaldkritik\u201d,<\/p>\n<p>heute ist in der Kreiszeitung B\u00f6blingen ein Artikel \u00fcber unser Anliegen, etwas hinsichtlich eines effektiven Waldbodenschutzes im Sch\u00f6nbuch zu tun, erschienen.<\/p>\n<p><!--more--><\/p>\n<p><strong><a title=\"Weiter zum Artikel\" href=\"https:\/\/waldkritik.de\/wp-content\/uploads\/2015\/08\/krzS-28.08.15-015.pdf\" target=\"_blank\">&gt;&gt;&gt; Weiter zum Artikel in der Kreiszeitung B\u00f6blingen &gt;&gt;&gt;<\/a><\/strong><\/p>\n<p><a href=\"https:\/\/waldkritik.de\/wp-content\/uploads\/2015\/08\/krzS-28.08.15-015.jpg\"><img loading=\"lazy\" decoding=\"async\" class=\"aligncenter size-full wp-image-1205\" src=\"https:\/\/waldkritik.de\/wp-content\/uploads\/2015\/08\/krzS-28.08.15-015.jpg\" alt=\"krzS-28.08.15-015\" width=\"2818\" height=\"2687\" srcset=\"https:\/\/waldkritik.de\/wp-content\/uploads\/2015\/08\/krzS-28.08.15-015.jpg 2818w, https:\/\/waldkritik.de\/wp-content\/uploads\/2015\/08\/krzS-28.08.15-015-300x286.jpg 300w, https:\/\/waldkritik.de\/wp-content\/uploads\/2015\/08\/krzS-28.08.15-015-1024x976.jpg 1024w\" sizes=\"auto, (max-width: 2818px) 100vw, 2818px\" \/><\/a><\/p>\n<p>Um den Artikel in einer lesbaren Qualit\u00e4t zu lesen, klicken Sie entweder auf das obige Bild oder rufen Sie den obigen Link auf. Herzlichen Dank!<\/p>\n","protected":false},"excerpt":{"rendered":"<p>Liebe Freunde der Initiative \u201cWaldkritik\u201d, heute ist in der Kreiszeitung B\u00f6blingen ein Artikel \u00fcber unser Anliegen, etwas hinsichtlich eines effektiven Waldbodenschutzes im Sch\u00f6nbuch zu tun, erschienen.<\/p>\n","protected":false},"author":1,"featured_media":0,"comment_status":"open","ping_status":"closed","sticky":false,"template":"","format":"standard","meta":{"footnotes":""},"categories":[1,5],"tags":[460,664,671,24,668,83,665,672,663,666,249,674,669,27,675,574,330,419,667,670,673],"class_list":["post-1207","post","type-post","status-publish","format-standard","hentry","category-der-wald","category-schoenbuch","tag-bodenschutzkonzept-fuer-den-schoenbuch","tag-buergerinitiative","tag-forst-4-0","tag-forst-bw","tag-forstkritiker","tag-gelbbauchunke","tag-helmut-schilling","tag-just-in-time","tag-kreiszeitung-boeblingen","tag-nachhaltigkeit-in-bw","tag-naturpark-schoenbuch","tag-pferdeeinsatz","tag-richtlinien","tag-rueckegassen","tag-schaeden-im-schwaebisch-fraenkischen-wald","tag-schoenbuchanrainergemeinden","tag-seilkran","tag-seilzug","tag-spurrillen","tag-vollernter","tag-wetterabhaengige-holzernte"],"_links":{"self":[{"href":"https:\/\/waldkritik.de\/index.php?rest_route=\/wp\/v2\/posts\/1207","targetHints":{"allow":["GET"]}}],"collection":[{"href":"https:\/\/waldkritik.de\/index.php?rest_route=\/wp\/v2\/posts"}],"about":[{"href":"https:\/\/waldkritik.de\/index.php?rest_route=\/wp\/v2\/types\/post"}],"author":[{"embeddable":true,"href":"https:\/\/waldkritik.de\/index.php?rest_route=\/wp\/v2\/users\/1"}],"replies":[{"embeddable":true,"href":"https:\/\/waldkritik.de\/index.php?rest_route=%2Fwp%2Fv2%2Fcomments&post=1207"}],"version-history":[{"count":3,"href":"https:\/\/waldkritik.de\/index.php?rest_route=\/wp\/v2\/posts\/1207\/revisions"}],"predecessor-version":[{"id":1280,"href":"https:\/\/waldkritik.de\/index.php?rest_route=\/wp\/v2\/posts\/1207\/revisions\/1280"}],"wp:attachment":[{"href":"https:\/\/waldkritik.de\/index.php?rest_route=%2Fwp%2Fv2%2Fmedia&parent=1207"}],"wp:term":[{"taxonomy":"category","embeddable":true,"href":"https:\/\/waldkritik.de\/index.php?rest_route=%2Fwp%2Fv2%2Fcategories&post=1207"},{"taxonomy":"post_tag","embeddable":true,"href":"https:\/\/waldkritik.de\/index.php?rest_route=%2Fwp%2Fv2%2Ftags&post=1207"}],"curies":[{"name":"wp","href":"https:\/\/api.w.org\/{rel}","templated":true}]}}