{"id":121,"date":"2014-07-16T21:41:22","date_gmt":"2014-07-16T19:41:22","guid":{"rendered":"http:\/\/waldkritik.de\/?p=121"},"modified":"2016-08-12T22:39:13","modified_gmt":"2016-08-12T20:39:13","slug":"in-eigener-sache-2","status":"publish","type":"post","link":"https:\/\/waldkritik.de\/?p=121","title":{"rendered":"In eigener Sache!"},"content":{"rendered":"<p>Hallo die Herrn,<\/p>\n<p>ich habe Ihren neuen Internetauftritt mit dem Link in meinem Blog unter <a href=\"http:\/\/www.gablenberger-klaus.de\/2014\/07\/16\/waldkritik-mit-neuem-internetauftritt\/\">http:\/\/www.gablenberger-klaus.de\/2014\/07\/16\/waldkritik-mit-neuem-internetauftritt\/<\/a> ver\u00f6ffentlicht.<\/p>\n<p>Mit freundlichen Gr\u00fc\u00dfen<\/p>\n<p>Klaus Rau<\/p>\n","protected":false},"excerpt":{"rendered":"<p>Hallo die Herrn, ich habe Ihren neuen Internetauftritt mit dem Link in meinem Blog unter http:\/\/www.gablenberger-klaus.de\/2014\/07\/16\/waldkritik-mit-neuem-internetauftritt\/ ver\u00f6ffentlicht. Mit freundlichen Gr\u00fc\u00dfen Klaus Rau<\/p>\n","protected":false},"author":2,"featured_media":0,"comment_status":"open","ping_status":"closed","sticky":false,"template":"","format":"standard","meta":{"footnotes":""},"categories":[1],"tags":[24,878,881,877,335],"class_list":["post-121","post","type-post","status-publish","format-standard","hentry","category-der-wald","tag-forst-bw","tag-gablenberger-klaus","tag-internetauftritt","tag-klaus-rau","tag-waldkritik"],"_links":{"self":[{"href":"https:\/\/waldkritik.de\/index.php?rest_route=\/wp\/v2\/posts\/121","targetHints":{"allow":["GET"]}}],"collection":[{"href":"https:\/\/waldkritik.de\/index.php?rest_route=\/wp\/v2\/posts"}],"about":[{"href":"https:\/\/waldkritik.de\/index.php?rest_route=\/wp\/v2\/types\/post"}],"author":[{"embeddable":true,"href":"https:\/\/waldkritik.de\/index.php?rest_route=\/wp\/v2\/users\/2"}],"replies":[{"embeddable":true,"href":"https:\/\/waldkritik.de\/index.php?rest_route=%2Fwp%2Fv2%2Fcomments&post=121"}],"version-history":[{"count":1,"href":"https:\/\/waldkritik.de\/index.php?rest_route=\/wp\/v2\/posts\/121\/revisions"}],"predecessor-version":[{"id":122,"href":"https:\/\/waldkritik.de\/index.php?rest_route=\/wp\/v2\/posts\/121\/revisions\/122"}],"wp:attachment":[{"href":"https:\/\/waldkritik.de\/index.php?rest_route=%2Fwp%2Fv2%2Fmedia&parent=121"}],"wp:term":[{"taxonomy":"category","embeddable":true,"href":"https:\/\/waldkritik.de\/index.php?rest_route=%2Fwp%2Fv2%2Fcategories&post=121"},{"taxonomy":"post_tag","embeddable":true,"href":"https:\/\/waldkritik.de\/index.php?rest_route=%2Fwp%2Fv2%2Ftags&post=121"}],"curies":[{"name":"wp","href":"https:\/\/api.w.org\/{rel}","templated":true}]}}