{"id":1272,"date":"2015-09-16T11:30:43","date_gmt":"2015-09-16T09:30:43","guid":{"rendered":"http:\/\/waldkritik.de\/?p=1272"},"modified":"2016-07-31T16:04:56","modified_gmt":"2016-07-31T14:04:56","slug":"eine-wichtige-antwort-auf-unser-konzept","status":"publish","type":"post","link":"https:\/\/waldkritik.de\/?p=1272","title":{"rendered":"Hochschule f\u00fcr Forstwirtschaft in Rottenburg!"},"content":{"rendered":"<p>Liebe Freunde der Initiative \u201cWaldkritik\u201d,<\/p>\n<p>freundlicherweise haben wir von Herrn Prof. Dr. rer. nat. J\u00fcrgen Sch\u00e4ffer von der Hochschule f\u00fcr Forstwirtschaft in Rottenburg eine sehr ausf\u00fchrliche Antwort erhalten, die wir Ihnen nicht vorenthalten wollen. Herr Prof. Dr. Sch\u00e4ffer lehrt an der HFR Landschafts\u00f6kologie, Klimatologie, Gesteinskunde, Boden- und Standortskunde, Bodenschutz. Sein Forschungsschwerpunkt ist &#8220;Bodenverformungssch\u00e4den durch Befahrung&#8221;.<\/p>\n<p><strong><a href=\"https:\/\/waldkritik.de\/?page_id=1170\/#pds\" target=\"_blank\">Antwort von Herrn Prof. Dr. Sch\u00e4ffer lesen<\/a><\/strong><\/p>\n<p>Wir haben auf das Schreiben von Herrn Prof. Dr. Sch\u00e4ffer eine Antwort verfasst, die Sie ebenfalls lesen k\u00f6nnen wenn Sie <strong><a href=\"https:\/\/waldkritik.de\/?page_id=1170\/#antwort-pds\" target=\"_blank\">hier klicken<\/a><\/strong><\/p>\n","protected":false},"excerpt":{"rendered":"<p>Liebe Freunde der Initiative \u201cWaldkritik\u201d, freundlicherweise haben wir von Herrn Prof. Dr. rer. nat. J\u00fcrgen Sch\u00e4ffer von der Hochschule f\u00fcr Forstwirtschaft in Rottenburg eine sehr ausf\u00fchrliche Antwort erhalten, die wir Ihnen nicht vorenthalten wollen. Herr Prof. Dr. Sch\u00e4ffer lehrt an der HFR Landschafts\u00f6kologie, Klimatologie, Gesteinskunde, Boden- und Standortskunde, Bodenschutz. Sein Forschungsschwerpunkt ist &#8220;Bodenverformungssch\u00e4den durch Befahrung&#8221;. &hellip; <a href=\"https:\/\/waldkritik.de\/?p=1272\" class=\"more-link\"><span class=\"screen-reader-text\">Hochschule f\u00fcr Forstwirtschaft in Rottenburg!<\/span> weiterlesen <span class=\"meta-nav\">&rarr;<\/span><\/a><\/p>\n","protected":false},"author":1,"featured_media":0,"comment_status":"open","ping_status":"closed","sticky":false,"template":"","format":"standard","meta":{"footnotes":""},"categories":[1],"tags":[333,651,661,646,467,349,460,653,654,650,647,648,660,645,656,642,659,644,643,42,655,641,27,649,408,465,657,658,525,652],"class_list":["post-1272","post","type-post","status-publish","format-standard","hentry","category-der-wald","tag-arbeitssicherheit","tag-beeintraechtigung-des-waldbodens","tag-bewertung-der-bodenschaeden","tag-boden-und-standortskunde","tag-bodenkunde","tag-bodenorganismen","tag-bodenschutzkonzept-fuer-den-schoenbuch","tag-bodenschutzmanagement","tag-bodentypen","tag-bodenveraenderung","tag-bodenverformungsschaeden-durch-befahrung","tag-bodenzustandserfassung","tag-erfassung-der-bodenschaeden","tag-gesteinskunde","tag-grenzwertregelung","tag-hochschule-fuer-forstwirtschaft","tag-holznutzung","tag-klimatologie","tag-landschaftsoekologie","tag-naturschutz","tag-oekologische-schadenschwellendefinition","tag-pof-juergen-schaeffer","tag-rueckegassen","tag-spurtypenkonzept","tag-standortkartierung","tag-standortverhaeltnisse","tag-wasserschutz","tag-wirtschaftlichkeit","tag-wsl","tag-wurzelraum"],"_links":{"self":[{"href":"https:\/\/waldkritik.de\/index.php?rest_route=\/wp\/v2\/posts\/1272","targetHints":{"allow":["GET"]}}],"collection":[{"href":"https:\/\/waldkritik.de\/index.php?rest_route=\/wp\/v2\/posts"}],"about":[{"href":"https:\/\/waldkritik.de\/index.php?rest_route=\/wp\/v2\/types\/post"}],"author":[{"embeddable":true,"href":"https:\/\/waldkritik.de\/index.php?rest_route=\/wp\/v2\/users\/1"}],"replies":[{"embeddable":true,"href":"https:\/\/waldkritik.de\/index.php?rest_route=%2Fwp%2Fv2%2Fcomments&post=1272"}],"version-history":[{"count":5,"href":"https:\/\/waldkritik.de\/index.php?rest_route=\/wp\/v2\/posts\/1272\/revisions"}],"predecessor-version":[{"id":1291,"href":"https:\/\/waldkritik.de\/index.php?rest_route=\/wp\/v2\/posts\/1272\/revisions\/1291"}],"wp:attachment":[{"href":"https:\/\/waldkritik.de\/index.php?rest_route=%2Fwp%2Fv2%2Fmedia&parent=1272"}],"wp:term":[{"taxonomy":"category","embeddable":true,"href":"https:\/\/waldkritik.de\/index.php?rest_route=%2Fwp%2Fv2%2Fcategories&post=1272"},{"taxonomy":"post_tag","embeddable":true,"href":"https:\/\/waldkritik.de\/index.php?rest_route=%2Fwp%2Fv2%2Ftags&post=1272"}],"curies":[{"name":"wp","href":"https:\/\/api.w.org\/{rel}","templated":true}]}}