{"id":1300,"date":"2015-09-20T18:54:23","date_gmt":"2015-09-20T16:54:23","guid":{"rendered":"http:\/\/waldkritik.de\/?p=1300"},"modified":"2016-08-16T15:46:44","modified_gmt":"2016-08-16T13:46:44","slug":"einladung-zum-geplanten-fsc-audit","status":"publish","type":"post","link":"https:\/\/waldkritik.de\/?p=1300","title":{"rendered":"Einladung der Initiative zu einem geplanten FSC Audit"},"content":{"rendered":"<p>Liebe Freunde der Initiative \u201cWaldkritik\u201d,<\/p>\n<p>als Reaktion auf unsere Zusendung von Schadbildern von der Holzernte 2014\/2015 haben wir eine Einladung zu einem geplanten FSC Audit im Sch\u00f6nbuch durch DIN CERTCO (vormals LGA Intercert) erhalten.<\/p>\n<p>Wir werden an dem geplanten Audit sehr gerne teilnehmen, soweit DIN CERTCO nicht auf Einhaltung des Regelwerks f\u00fcr den Audit besteht, da wir dieses nicht f\u00fcr zeitgem\u00e4\u00df transparent und demokratisch offen halten.<br \/>\nAls weitere wichtige Voraussetzung bitten wir darum, uns das Beurteilungssystem f\u00fcr die Auditoren offenzulegen.\u00a0 Einen Vorschlag f\u00fcr ein potentielles Beurteilungssystem haben wir mit der Vorlage unseres Konzeptes gemacht.<br \/>\n<strong><a href=\"https:\/\/waldkritik.de\/?page_id=1170\/#fsc\" target=\"_blank\">Unsere gesamte Antwort k\u00f6nnen Sie hier lesen.<\/a><\/strong><\/p>\n","protected":false},"excerpt":{"rendered":"<p>Liebe Freunde der Initiative \u201cWaldkritik\u201d, als Reaktion auf unsere Zusendung von Schadbildern von der Holzernte 2014\/2015 haben wir eine Einladung zu einem geplanten FSC Audit im Sch\u00f6nbuch durch DIN CERTCO (vormals LGA Intercert) erhalten. Wir werden an dem geplanten Audit sehr gerne teilnehmen, soweit DIN CERTCO nicht auf Einhaltung des Regelwerks f\u00fcr den Audit besteht, &hellip; <a href=\"https:\/\/waldkritik.de\/?p=1300\" class=\"more-link\"><span class=\"screen-reader-text\">Einladung der Initiative zu einem geplanten FSC Audit<\/span> weiterlesen <span class=\"meta-nav\">&rarr;<\/span><\/a><\/p>\n","protected":false},"author":1,"featured_media":0,"comment_status":"open","ping_status":"closed","sticky":false,"template":"","format":"standard","meta":{"footnotes":""},"categories":[1],"tags":[631,634,640,28,460,584,1013,628,638,571,633,636,639,114,635,629,630,637],"class_list":["post-1300","post","type-post","status-publish","format-standard","hentry","category-der-wald","tag-auditor","tag-beurteilungssystem-bodenschaeden","tag-bilddokumente","tag-bodenschaeden","tag-bodenschutzkonzept-fuer-den-schoenbuch","tag-buergerbeteiligung","tag-din-certco","tag-fsc-audit","tag-fsc-richtlinien","tag-maschineneinsaetze","tag-regelwerk-audit","tag-schaden-und-toleranzgrenzwerte","tag-schadorte","tag-schoenbuch","tag-spurtypenkennzeichnung","tag-zertifikatsgeber","tag-zertifikatsnehmer","tag-zertifizierungsstelle"],"_links":{"self":[{"href":"https:\/\/waldkritik.de\/index.php?rest_route=\/wp\/v2\/posts\/1300","targetHints":{"allow":["GET"]}}],"collection":[{"href":"https:\/\/waldkritik.de\/index.php?rest_route=\/wp\/v2\/posts"}],"about":[{"href":"https:\/\/waldkritik.de\/index.php?rest_route=\/wp\/v2\/types\/post"}],"author":[{"embeddable":true,"href":"https:\/\/waldkritik.de\/index.php?rest_route=\/wp\/v2\/users\/1"}],"replies":[{"embeddable":true,"href":"https:\/\/waldkritik.de\/index.php?rest_route=%2Fwp%2Fv2%2Fcomments&post=1300"}],"version-history":[{"count":4,"href":"https:\/\/waldkritik.de\/index.php?rest_route=\/wp\/v2\/posts\/1300\/revisions"}],"predecessor-version":[{"id":1306,"href":"https:\/\/waldkritik.de\/index.php?rest_route=\/wp\/v2\/posts\/1300\/revisions\/1306"}],"wp:attachment":[{"href":"https:\/\/waldkritik.de\/index.php?rest_route=%2Fwp%2Fv2%2Fmedia&parent=1300"}],"wp:term":[{"taxonomy":"category","embeddable":true,"href":"https:\/\/waldkritik.de\/index.php?rest_route=%2Fwp%2Fv2%2Fcategories&post=1300"},{"taxonomy":"post_tag","embeddable":true,"href":"https:\/\/waldkritik.de\/index.php?rest_route=%2Fwp%2Fv2%2Ftags&post=1300"}],"curies":[{"name":"wp","href":"https:\/\/api.w.org\/{rel}","templated":true}]}}