{"id":1313,"date":"2015-10-01T13:01:05","date_gmt":"2015-10-01T11:01:05","guid":{"rendered":"http:\/\/waldkritik.de\/?p=1313"},"modified":"2016-07-31T17:37:13","modified_gmt":"2016-07-31T15:37:13","slug":"artikel-im-schwaebischen-tagblatt","status":"publish","type":"post","link":"https:\/\/waldkritik.de\/?p=1313","title":{"rendered":"Artikel im Schw\u00e4bischen Tagblatt"},"content":{"rendered":"<p>Liebe Freunde unserer Initiative,<\/p>\n<p>heute ist ein Artikel zu unserem Bodenschutzkonzept im Schw\u00e4bischen Tagblatt erschienen.<\/p>\n<p>Bemerkenswert ist, da\u00df Herr Prof. Sch\u00e4ffer soweit er inhaltlich zitiert wird, durchaus unser Anliegen unterst\u00fctzt, soweit er jedoch allgemein, als Funktionstr\u00e4ger der Forsthochschule Rottenburg zitiert wird, auf kritische Distanz zu unserer Initiative geht.<\/p>\n<p>Und noch etwas wird in dem Artikel schon mit der \u00dcberschrift der Infobox &#8211; &#8220;Die Spuren lesen und reagieren&#8221; &#8211; sehr sch\u00f6n deutlich: Man mu\u00df nicht ein ausgebildeter F\u00f6rster sein, um die Zerst\u00f6rung des Waldbodens wahrzunehmen. Es reicht v\u00f6llig aus mit wachem Verstand und Empathie f\u00fcr den Wald durch diesen zu gehen, um die Spuren der Bodenvernichtung richtig zu &#8220;lesen&#8221; und dann entsprechend seinem Mi\u00dfbehagen \u00f6ffentlich Ausdruck zu verleihen, so da\u00df dann andere, die daf\u00fcr verantwortlich sind, hoffentlich &#8220;reagieren&#8221;.<\/p>\n<p><!--more--><\/p>\n<p>Der Standort des Zeitungs-Bildes mit Aktivisten unserer Initiative ist nur wenige Meter entfernt von dem Standort des Bildes, das wir als Header f\u00fcr unsere Webseite benutzt haben und das nur 14 Tage vor dem Bild des Schw\u00e4bischen Tagblatt-Redakteurs aufgenommen wurde. Hier kann man deutlich sehen, da\u00df man auch fotografisch sehr verschiedene Sichtweisen auf die tats\u00e4chlich vorhandenen Sch\u00e4den haben kann.<\/p>\n<p>&nbsp;<\/p>\n<p>Aber lesen Sie selbst den Artikel im Schw\u00e4bischen Tagblatt vom 1. Oktober 2015 :<\/p>\n<p><a href=\"https:\/\/waldkritik.de\/wp-content\/uploads\/2015\/10\/641_029_327443_01_Oct_t_kreis_434115.pdf\"><img loading=\"lazy\" decoding=\"async\" class=\"alignleft wp-image-1314 size-thumbnail\" src=\"https:\/\/waldkritik.de\/wp-content\/uploads\/2015\/10\/tagblatt_01_10_2015-150x150.jpg\" alt=\"tagblatt_01_10_2015\" width=\"150\" height=\"150\" \/><\/a>Klicken Sie bitte auf das links stehende Bild, um den Artikel in voller Gr\u00f6\u00dfe<span style=\"color: #ff0000;\"><strong><a style=\"color: #ff0000;\" href=\"https:\/\/waldkritik.de\/wp-content\/uploads\/2015\/10\/641_029_327443_01_Oct_t_kreis_434115.pdf\" target=\"_blank\"> lesen oder downloaden<\/a><\/strong><\/span> zu k\u00f6nnen.<\/p>\n","protected":false},"excerpt":{"rendered":"<p>Liebe Freunde unserer Initiative, heute ist ein Artikel zu unserem Bodenschutzkonzept im Schw\u00e4bischen Tagblatt erschienen. Bemerkenswert ist, da\u00df Herr Prof. Sch\u00e4ffer soweit er inhaltlich zitiert wird, durchaus unser Anliegen unterst\u00fctzt, soweit er jedoch allgemein, als Funktionstr\u00e4ger der Forsthochschule Rottenburg zitiert wird, auf kritische Distanz zu unserer Initiative geht. Und noch etwas wird in dem Artikel &hellip; <a href=\"https:\/\/waldkritik.de\/?p=1313\" class=\"more-link\"><span class=\"screen-reader-text\">Artikel im Schw\u00e4bischen Tagblatt<\/span> weiterlesen <span class=\"meta-nav\">&rarr;<\/span><\/a><\/p>\n","protected":false},"author":1,"featured_media":0,"comment_status":"open","ping_status":"closed","sticky":false,"template":"","format":"standard","meta":{"footnotes":""},"categories":[5],"tags":[460,619,626,662,509,623,621,191,233,627,622,356,625,620,624],"class_list":["post-1313","post","type-post","status-publish","format-standard","hentry","category-schoenbuch","tag-bodenschutzkonzept-fuer-den-schoenbuch","tag-bodenvernichtung","tag-buelow-von-dennewitz","tag-forsthochschule-rottenburg","tag-forstliche-versuchsanstalt-freiburg","tag-gassenraster","tag-initiative-waldkritik","tag-juergen-schaeffer","tag-landkreis-tuebingen","tag-porenvolumen","tag-schematische-erschliessung","tag-schwaebisches-tagblatt","tag-seilkrantechnik","tag-wahrnehmung","tag-zerstoerung-des-bodenaufbaus"],"_links":{"self":[{"href":"https:\/\/waldkritik.de\/index.php?rest_route=\/wp\/v2\/posts\/1313","targetHints":{"allow":["GET"]}}],"collection":[{"href":"https:\/\/waldkritik.de\/index.php?rest_route=\/wp\/v2\/posts"}],"about":[{"href":"https:\/\/waldkritik.de\/index.php?rest_route=\/wp\/v2\/types\/post"}],"author":[{"embeddable":true,"href":"https:\/\/waldkritik.de\/index.php?rest_route=\/wp\/v2\/users\/1"}],"replies":[{"embeddable":true,"href":"https:\/\/waldkritik.de\/index.php?rest_route=%2Fwp%2Fv2%2Fcomments&post=1313"}],"version-history":[{"count":6,"href":"https:\/\/waldkritik.de\/index.php?rest_route=\/wp\/v2\/posts\/1313\/revisions"}],"predecessor-version":[{"id":1321,"href":"https:\/\/waldkritik.de\/index.php?rest_route=\/wp\/v2\/posts\/1313\/revisions\/1321"}],"wp:attachment":[{"href":"https:\/\/waldkritik.de\/index.php?rest_route=%2Fwp%2Fv2%2Fmedia&parent=1313"}],"wp:term":[{"taxonomy":"category","embeddable":true,"href":"https:\/\/waldkritik.de\/index.php?rest_route=%2Fwp%2Fv2%2Fcategories&post=1313"},{"taxonomy":"post_tag","embeddable":true,"href":"https:\/\/waldkritik.de\/index.php?rest_route=%2Fwp%2Fv2%2Ftags&post=1313"}],"curies":[{"name":"wp","href":"https:\/\/api.w.org\/{rel}","templated":true}]}}