{"id":1324,"date":"2015-10-12T15:17:13","date_gmt":"2015-10-12T13:17:13","guid":{"rendered":"http:\/\/waldkritik.de\/?p=1324"},"modified":"2016-07-30T17:48:35","modified_gmt":"2016-07-30T15:48:35","slug":"unser-bodenschutzkonzept-in-den-forstlichen-mitteilungen","status":"publish","type":"post","link":"https:\/\/waldkritik.de\/?p=1324","title":{"rendered":"Unser Bodenschutzkonzept in den Forstlichen Mitteilungen"},"content":{"rendered":"<p><a href=\"https:\/\/waldkritik.de\/wp-content\/uploads\/2015\/10\/FM-10-2015.pdf\"><img loading=\"lazy\" decoding=\"async\" class=\"alignleft wp-image-1325 size-medium\" src=\"https:\/\/waldkritik.de\/wp-content\/uploads\/2015\/10\/FM-Titel-223x300.jpg\" alt=\"FM-Titel\" width=\"223\" height=\"300\" srcset=\"https:\/\/waldkritik.de\/wp-content\/uploads\/2015\/10\/FM-Titel-223x300.jpg 223w, https:\/\/waldkritik.de\/wp-content\/uploads\/2015\/10\/FM-Titel-761x1024.jpg 761w\" sizes=\"auto, (max-width: 223px) 100vw, 223px\" \/><\/a>Die Forstliche Mitteilungen sind eine bundesweit verbreitete Zeitschrift f\u00fcr die Besch\u00e4ftigten in Forst und Naturschutz im Organisationsbereich der IG Bauen-Agrar-Umwelt.<\/p>\n<p>In der j\u00fcngsten Ausgabe der FM findet sich ein Artikel \u00fcber unser Bodenschutzkonzept f\u00fcr den Sch\u00f6nbuch, den wir Ihnen nicht vorenthalten wollen.<\/p>\n<p>Klicken Sie <span style=\"color: #ff0000;\"><em><strong><a style=\"color: #ff0000;\" href=\"https:\/\/waldkritik.de\/wp-content\/uploads\/2015\/10\/FM-10-2015.pdf\" target=\"_blank\">HIER<\/a><\/strong><\/em><\/span><\/p>\n","protected":false},"excerpt":{"rendered":"<p>Die Forstliche Mitteilungen sind eine bundesweit verbreitete Zeitschrift f\u00fcr die Besch\u00e4ftigten in Forst und Naturschutz im Organisationsbereich der IG Bauen-Agrar-Umwelt. In der j\u00fcngsten Ausgabe der FM findet sich ein Artikel \u00fcber unser Bodenschutzkonzept f\u00fcr den Sch\u00f6nbuch, den wir Ihnen nicht vorenthalten wollen. Klicken Sie HIER<\/p>\n","protected":false},"author":1,"featured_media":0,"comment_status":"open","ping_status":"closed","sticky":false,"template":"","format":"standard","meta":{"footnotes":""},"categories":[6,1,5],"tags":[596,601,606,586,599,160,604,460,602,598,183,464,597,595,587,603,119,594,590,249,600,588,605,593,607,608,592,591,589],"class_list":["post-1324","post","type-post","status-publish","format-standard","hentry","category-baden-wuerttemberg","category-der-wald","category-schoenbuch","tag-40-cm-fahrspurtiefe-keuperbergland","tag-arbeitsunterbrechung","tag-befahrungsempfindliche-substrate","tag-befahrungsschaeden-in-bw","tag-beste-technik","tag-bodenmosaik","tag-bodenpflegliche-technik","tag-bodenschutzkonzept-fuer-den-schoenbuch","tag-einschlag-und-ruecken","tag-ewitterung","tag-feinerschliessungsrichtlinie","tag-forstliche-mitteilungen","tag-forstliche-praxis","tag-funktionsfaehigkeitb-der-rueckegasse","tag-grossmaschinen","tag-harald-schaum","tag-ig-bauen-agrar-umwelt","tag-mindestabstand-rueckegassen","tag-natura-2000-gebiet","tag-naturpark-schoenbuch","tag-nutzungsverzicht","tag-prof-matthies-tu-muenchen","tag-prof-schaeffer","tag-rueckegassenkonzept-forst-bw","tag-sanierung-der-rueckegasse","tag-sanierungskosten","tag-schutzgebiet","tag-schwaebisches","tag-technische-befahrbarkeit-ist-gesetzeswidrig"],"_links":{"self":[{"href":"https:\/\/waldkritik.de\/index.php?rest_route=\/wp\/v2\/posts\/1324","targetHints":{"allow":["GET"]}}],"collection":[{"href":"https:\/\/waldkritik.de\/index.php?rest_route=\/wp\/v2\/posts"}],"about":[{"href":"https:\/\/waldkritik.de\/index.php?rest_route=\/wp\/v2\/types\/post"}],"author":[{"embeddable":true,"href":"https:\/\/waldkritik.de\/index.php?rest_route=\/wp\/v2\/users\/1"}],"replies":[{"embeddable":true,"href":"https:\/\/waldkritik.de\/index.php?rest_route=%2Fwp%2Fv2%2Fcomments&post=1324"}],"version-history":[{"count":6,"href":"https:\/\/waldkritik.de\/index.php?rest_route=\/wp\/v2\/posts\/1324\/revisions"}],"predecessor-version":[{"id":1331,"href":"https:\/\/waldkritik.de\/index.php?rest_route=\/wp\/v2\/posts\/1324\/revisions\/1331"}],"wp:attachment":[{"href":"https:\/\/waldkritik.de\/index.php?rest_route=%2Fwp%2Fv2%2Fmedia&parent=1324"}],"wp:term":[{"taxonomy":"category","embeddable":true,"href":"https:\/\/waldkritik.de\/index.php?rest_route=%2Fwp%2Fv2%2Fcategories&post=1324"},{"taxonomy":"post_tag","embeddable":true,"href":"https:\/\/waldkritik.de\/index.php?rest_route=%2Fwp%2Fv2%2Ftags&post=1324"}],"curies":[{"name":"wp","href":"https:\/\/api.w.org\/{rel}","templated":true}]}}