{"id":1372,"date":"2015-10-16T13:09:44","date_gmt":"2015-10-16T11:09:44","guid":{"rendered":"http:\/\/waldkritik.de\/?p=1372"},"modified":"2016-07-30T11:27:46","modified_gmt":"2016-07-30T09:27:46","slug":"neuer-artikel-im-gaeuboten","status":"publish","type":"post","link":"https:\/\/waldkritik.de\/?p=1372","title":{"rendered":"Neuer Artikel im G\u00e4uboten"},"content":{"rendered":"<p><a href=\"http:\/\/www.gaeubote.de\/news\/druck.php?&amp;kat=10&amp;artikel=110980962&amp;red=24&amp;ausgabe=\" target=\"_blank\"><img loading=\"lazy\" decoding=\"async\" class=\"alignleft wp-image-1373 size-medium\" src=\"https:\/\/waldkritik.de\/wp-content\/uploads\/2015\/10\/G\u00e4ubote-216x300.jpg\" alt=\"G\u00e4ubote\" width=\"216\" height=\"300\" srcset=\"https:\/\/waldkritik.de\/wp-content\/uploads\/2015\/10\/G\u00e4ubote-216x300.jpg 216w, https:\/\/waldkritik.de\/wp-content\/uploads\/2015\/10\/G\u00e4ubote.jpg 500w\" sizes=\"auto, (max-width: 216px) 100vw, 216px\" \/><\/a>Liebe Freunde unserer Initiative,<\/p>\n<p>mittlerweile ist wieder ein Artikel zu unserem Anliegen in der Tageszeitung &#8220;G\u00e4ubote&#8221; Herrenberg erschienen, diesen d\u00fcrfen wir aus Urheberrechtsgr\u00fcnden allerdings erst in 30 Tagen ver\u00f6ffentlichen, deshalb kann man den Artikel bis dahin nur beim G\u00e4uboten selbst einsehen.<\/p>\n<p>Es gibt allerdings vom G\u00e4uboten selbst eine druckbare Version im Netz, die Sie <a href=\"http:\/\/www.gaeubote.de\/news\/druck.php?&amp;kat=10&amp;artikel=110980962&amp;red=24&amp;ausgabe=\" target=\"_blank\"><span style=\"color: #ff0000;\"><strong>HIER<\/strong><\/span><\/a> erreichen k\u00f6nnen.<\/p>\n","protected":false},"excerpt":{"rendered":"<p>Liebe Freunde unserer Initiative, mittlerweile ist wieder ein Artikel zu unserem Anliegen in der Tageszeitung &#8220;G\u00e4ubote&#8221; Herrenberg erschienen, diesen d\u00fcrfen wir aus Urheberrechtsgr\u00fcnden allerdings erst in 30 Tagen ver\u00f6ffentlichen, deshalb kann man den Artikel bis dahin nur beim G\u00e4uboten selbst einsehen. Es gibt allerdings vom G\u00e4uboten selbst eine druckbare Version im Netz, die Sie HIER &hellip; <a href=\"https:\/\/waldkritik.de\/?p=1372\" class=\"more-link\"><span class=\"screen-reader-text\">Neuer Artikel im G\u00e4uboten<\/span> weiterlesen <span class=\"meta-nav\">&rarr;<\/span><\/a><\/p>\n","protected":false},"author":1,"featured_media":0,"comment_status":"open","ping_status":"closed","sticky":false,"template":"","format":"standard","meta":{"footnotes":""},"categories":[5],"tags":[406,573,28,250,24,568,99,462,578,571,576,42,570,572,574,408,465,575,569],"class_list":["post-1372","post","type-post","status-publish","format-standard","hentry","category-schoenbuch","tag-bodenkundler","tag-bodenmosaik-schoenbuch","tag-bodenschaeden","tag-bodenschutzkonzept-schoenbuch","tag-forst-bw","tag-gaeubote","tag-holzernte","tag-landratsamt-boeblingen","tag-landtagsabgeordnete","tag-maschineneinsaetze","tag-naherholung","tag-naturschutz","tag-richard-koch","tag-rueckegassenkonzept-feinerschliessung","tag-schoenbuchanrainergemeinden","tag-standortkartierung","tag-standortverhaeltnisse","tag-umweltschutz","tag-waldverwuestung"],"_links":{"self":[{"href":"https:\/\/waldkritik.de\/index.php?rest_route=\/wp\/v2\/posts\/1372","targetHints":{"allow":["GET"]}}],"collection":[{"href":"https:\/\/waldkritik.de\/index.php?rest_route=\/wp\/v2\/posts"}],"about":[{"href":"https:\/\/waldkritik.de\/index.php?rest_route=\/wp\/v2\/types\/post"}],"author":[{"embeddable":true,"href":"https:\/\/waldkritik.de\/index.php?rest_route=\/wp\/v2\/users\/1"}],"replies":[{"embeddable":true,"href":"https:\/\/waldkritik.de\/index.php?rest_route=%2Fwp%2Fv2%2Fcomments&post=1372"}],"version-history":[{"count":6,"href":"https:\/\/waldkritik.de\/index.php?rest_route=\/wp\/v2\/posts\/1372\/revisions"}],"predecessor-version":[{"id":1401,"href":"https:\/\/waldkritik.de\/index.php?rest_route=\/wp\/v2\/posts\/1372\/revisions\/1401"}],"wp:attachment":[{"href":"https:\/\/waldkritik.de\/index.php?rest_route=%2Fwp%2Fv2%2Fmedia&parent=1372"}],"wp:term":[{"taxonomy":"category","embeddable":true,"href":"https:\/\/waldkritik.de\/index.php?rest_route=%2Fwp%2Fv2%2Fcategories&post=1372"},{"taxonomy":"post_tag","embeddable":true,"href":"https:\/\/waldkritik.de\/index.php?rest_route=%2Fwp%2Fv2%2Ftags&post=1372"}],"curies":[{"name":"wp","href":"https:\/\/api.w.org\/{rel}","templated":true}]}}