{"id":1396,"date":"2015-10-19T15:15:13","date_gmt":"2015-10-19T13:15:13","guid":{"rendered":"http:\/\/waldkritik.de\/?p=1396"},"modified":"2016-07-29T17:29:42","modified_gmt":"2016-07-29T15:29:42","slug":"fsc-wohin-das-auge-blickt","status":"publish","type":"post","link":"https:\/\/waldkritik.de\/?p=1396","title":{"rendered":"FSC wohin das Auge blickt!"},"content":{"rendered":"<p>Kaum eine Verpackung, ein Stapel Papier oder Holzbrett aus dem Baumarkt kann man in die Hand nehmen, auf dem nicht un\u00fcbersehbar das &#8220;FSC&#8221; Siegel f\u00fcr naturnahe, nachhaltige Waldwirtschaft prangt.<br \/>\nAber ist denn auch \u00fcberall naturnahe Waldwirtschaft &#8220;drin&#8221;, wo FSC draufsteht?<br \/>\nZweifellos sieht der FSC Standard den Einsatz von bestm\u00f6glicher Technik f\u00fcr jeden Waldboden (unabh\u00e4ngig von \u00f6konomischen Erw\u00e4gungen) vor. Deshalb kann meiner Meinung nach der FSC Bodensch\u00e4den nicht als unvermeidbaren Bestandteil einer modernen &#8220;naturnahen&#8221; Waldbewirtschaftung f\u00fcr gut befinden.<br \/>\nWie ich Ihrer Seite entnommen habe, hatten Sie bereits Probleme mit einem FSC Audit. M\u00fc\u00dfte der FSC nicht an einer gr\u00f6\u00dftm\u00f6glichen Transparenz interessiert sein? Wieso d\u00fcrfen Sie dann nicht \u00fcber einen FSC Audit auf Ihrer Seite berichten? Viele Fragen &#8211; leider keine Antworten von Seiten des FSC!<\/p>\n<p>Ich w\u00fcnsche Ihnen viel Erfolg f\u00fcr Ihre weitere Arbeit.<\/p>\n","protected":false},"excerpt":{"rendered":"<p>Kaum eine Verpackung, ein Stapel Papier oder Holzbrett aus dem Baumarkt kann man in die Hand nehmen, auf dem nicht un\u00fcbersehbar das &#8220;FSC&#8221; Siegel f\u00fcr naturnahe, nachhaltige Waldwirtschaft prangt. Aber ist denn auch \u00fcberall naturnahe Waldwirtschaft &#8220;drin&#8221;, wo FSC draufsteht? Zweifellos sieht der FSC Standard den Einsatz von bestm\u00f6glicher Technik f\u00fcr jeden Waldboden (unabh\u00e4ngig von &hellip; <a href=\"https:\/\/waldkritik.de\/?p=1396\" class=\"more-link\"><span class=\"screen-reader-text\">FSC wohin das Auge blickt!<\/span> weiterlesen <span class=\"meta-nav\">&rarr;<\/span><\/a><\/p>\n","protected":false},"author":34,"featured_media":0,"comment_status":"open","ping_status":"closed","sticky":false,"template":"","format":"standard","meta":{"footnotes":""},"categories":[1],"tags":[476,472,475,32,477,471,474,473],"class_list":["post-1396","post","type-post","status-publish","format-standard","hentry","category-der-wald","tag-audit","tag-baumarkt","tag-bestmoeglichste-technik","tag-fsc","tag-mangelnde-transparenz","tag-michael-mayer","tag-nachhaltig","tag-naturnah"],"_links":{"self":[{"href":"https:\/\/waldkritik.de\/index.php?rest_route=\/wp\/v2\/posts\/1396","targetHints":{"allow":["GET"]}}],"collection":[{"href":"https:\/\/waldkritik.de\/index.php?rest_route=\/wp\/v2\/posts"}],"about":[{"href":"https:\/\/waldkritik.de\/index.php?rest_route=\/wp\/v2\/types\/post"}],"author":[{"embeddable":true,"href":"https:\/\/waldkritik.de\/index.php?rest_route=\/wp\/v2\/users\/34"}],"replies":[{"embeddable":true,"href":"https:\/\/waldkritik.de\/index.php?rest_route=%2Fwp%2Fv2%2Fcomments&post=1396"}],"version-history":[{"count":1,"href":"https:\/\/waldkritik.de\/index.php?rest_route=\/wp\/v2\/posts\/1396\/revisions"}],"predecessor-version":[{"id":1397,"href":"https:\/\/waldkritik.de\/index.php?rest_route=\/wp\/v2\/posts\/1396\/revisions\/1397"}],"wp:attachment":[{"href":"https:\/\/waldkritik.de\/index.php?rest_route=%2Fwp%2Fv2%2Fmedia&parent=1396"}],"wp:term":[{"taxonomy":"category","embeddable":true,"href":"https:\/\/waldkritik.de\/index.php?rest_route=%2Fwp%2Fv2%2Fcategories&post=1396"},{"taxonomy":"post_tag","embeddable":true,"href":"https:\/\/waldkritik.de\/index.php?rest_route=%2Fwp%2Fv2%2Ftags&post=1396"}],"curies":[{"name":"wp","href":"https:\/\/api.w.org\/{rel}","templated":true}]}}