{"id":1410,"date":"2015-12-01T21:57:41","date_gmt":"2015-12-01T19:57:41","guid":{"rendered":"http:\/\/waldkritik.de\/?p=1410"},"modified":"2016-07-31T17:36:18","modified_gmt":"2016-07-31T15:36:18","slug":"unsere-waelder-muessen-wilder-werden","status":"publish","type":"post","link":"https:\/\/waldkritik.de\/?p=1410","title":{"rendered":"Unsere W\u00e4lder m\u00fcssen wilder werden"},"content":{"rendered":"<p>Liebe Freunde der Waldkritik,<\/p>\n<p>mit gro\u00dfer Freude m\u00f6chten wir Sie auf einen\u00a0 Vortrag von Herrn Lutz F\u00e4hser am 03. Dezember 2015 an der Hochschule f\u00fcr Forstwirtschaft in Rottenburg hinweisen.<\/p>\n<p>W\u00e4hrend nat\u00fcrliche W\u00e4lder durch jahrtausendlange kontinuierliche \u00f6kologische Prozesse charakterisiert sind und alle Lebensphasen in r\u00e4umlich und zeitlicher Kontinuit\u00e4t pr\u00e4sent sind, haben die Wirtschaftsw\u00e4lder in Deutschland nur eine vergleichsweise kurze Gestaltungskultur, die kaum l\u00e4nger als 300 Jahre zur\u00fcckreicht.<\/p>\n<p>Herr F\u00e4hser wird in seinem Vortrag die Konsequenzen, die sich daraus ergeben ausf\u00fchrlich besprechen. Wir m\u00f6chten jedem Interessierten den Vortrag deshalb sehr empfehlen!<\/p>\n<p><img decoding=\"async\" class=\"aligncenter\" src=\"https:\/\/www.hs-rottenburg.net\/fileadmin\/user_upload\/Aktuelles\/Meldungen\/2015\/Wald-wilder\/Wald-wilder-1.jpg\" alt=\"https:\/\/www.hs-rottenburg.net\/fileadmin\/user_upload\/Aktuelles\/Meldungen\/2015\/Wald-wilder\/Wald-wilder-1.jpg\" \/><\/p>\n<p>DATUM: 03.12.2015 | 18:00 Uhr<br \/>\nORT: HFR, H\u00f6rsaal West<\/p>\n<p><strong>Zum Referenten: <\/strong>Dr. Lutz F\u00e4hser war bis zu seiner Pensionierung, Leiter des \u201eBereiches Stadtwald&#8221; der Hansestadt L\u00fcbeck. Lutz F\u00e4hser studierte Forstwissenschaft in Freiburg und M\u00fcnchen. F\u00fcr seine Promotion zum Thema \u201eDas pragmatische Informationssystem von Betrieben&#8221; erhielt er 1977 den Wissenschaftspreis der Universit\u00e4t Freiburg.<\/p>\n<p>\u00dcber die Grenzen L\u00fcbecks hinaus wurde Dr. F\u00e4hser bekannt durch das 1994 eingef\u00fchrte Konzept der \u201eNaturnahen Waldnutzung&#8221;. Dieses strebt in den Wirtschaftsw\u00e4ldern u.a. eine hohe Naturn\u00e4he an, verfolgt die betrieblichen Ziele mit einem Minimum an Eingriffen und weist auf 10 % der Fl\u00e4che \u201eReferenzfl\u00e4chen&#8221; als Lernfl\u00e4chen f\u00fcr nat\u00fcrliche Entwicklung aus. Dieses \u201eL\u00fcbeck-Konzept&#8221; erhielt zahlreiche Auszeichnungen, u.a. von der Europ\u00e4ischen Papierindustrie, von der damaligen Bundesumweltministerin Merkel und vom Bundesamt f\u00fcr Naturschutz (BfN). Die Ergebnisse von \u00fcber 20 wissenschaftlichen Arbeiten deuten darauf hin, dass der L\u00fcbecker Stadtwald bis zu seiner v\u00f6lligen Umstellung in 25 Jahren optimal strukturiert sein kann. Das bedeutet hohe naturale Produktivit\u00e4t, geringes Risiko, nachhaltig hoher finanzieller Reinertrag und eine intensive Erholungs- und Erlebnisattraktion.<\/p>\n<p>F\u00fcr mehr Informationen klicken Sie bitte <span style=\"color: #ff0000;\"><strong><a style=\"color: #ff0000;\" href=\"https:\/\/www.hs-rottenburg.net\/aktuelles\/aktuelle-meldungen\/detail\/artikel\/unsere-waelder-muessen-wilder-werden-1\/\" target=\"_blank\">HIER!<\/a><\/strong><\/span><\/p>\n","protected":false},"excerpt":{"rendered":"<p>Liebe Freunde der Waldkritik, mit gro\u00dfer Freude m\u00f6chten wir Sie auf einen\u00a0 Vortrag von Herrn Lutz F\u00e4hser am 03. Dezember 2015 an der Hochschule f\u00fcr Forstwirtschaft in Rottenburg hinweisen. W\u00e4hrend nat\u00fcrliche W\u00e4lder durch jahrtausendlange kontinuierliche \u00f6kologische Prozesse charakterisiert sind und alle Lebensphasen in r\u00e4umlich und zeitlicher Kontinuit\u00e4t pr\u00e4sent sind, haben die Wirtschaftsw\u00e4lder in Deutschland nur &hellip; <a href=\"https:\/\/waldkritik.de\/?p=1410\" class=\"more-link\"><span class=\"screen-reader-text\">Unsere W\u00e4lder m\u00fcssen wilder werden<\/span> weiterlesen <span class=\"meta-nav\">&rarr;<\/span><\/a><\/p>\n","protected":false},"author":1,"featured_media":0,"comment_status":"open","ping_status":"closed","sticky":false,"template":"","format":"standard","meta":{"footnotes":""},"categories":[1],"tags":[453,662,456,455,454],"class_list":["post-1410","post","type-post","status-publish","format-standard","hentry","category-der-wald","tag-dr-lutz-faehser","tag-forsthochschule-rottenburg","tag-luebecker-konzept","tag-naturnahe-waldnutzung","tag-stadtwald-luebeck"],"_links":{"self":[{"href":"https:\/\/waldkritik.de\/index.php?rest_route=\/wp\/v2\/posts\/1410","targetHints":{"allow":["GET"]}}],"collection":[{"href":"https:\/\/waldkritik.de\/index.php?rest_route=\/wp\/v2\/posts"}],"about":[{"href":"https:\/\/waldkritik.de\/index.php?rest_route=\/wp\/v2\/types\/post"}],"author":[{"embeddable":true,"href":"https:\/\/waldkritik.de\/index.php?rest_route=\/wp\/v2\/users\/1"}],"replies":[{"embeddable":true,"href":"https:\/\/waldkritik.de\/index.php?rest_route=%2Fwp%2Fv2%2Fcomments&post=1410"}],"version-history":[{"count":1,"href":"https:\/\/waldkritik.de\/index.php?rest_route=\/wp\/v2\/posts\/1410\/revisions"}],"predecessor-version":[{"id":1411,"href":"https:\/\/waldkritik.de\/index.php?rest_route=\/wp\/v2\/posts\/1410\/revisions\/1411"}],"wp:attachment":[{"href":"https:\/\/waldkritik.de\/index.php?rest_route=%2Fwp%2Fv2%2Fmedia&parent=1410"}],"wp:term":[{"taxonomy":"category","embeddable":true,"href":"https:\/\/waldkritik.de\/index.php?rest_route=%2Fwp%2Fv2%2Fcategories&post=1410"},{"taxonomy":"post_tag","embeddable":true,"href":"https:\/\/waldkritik.de\/index.php?rest_route=%2Fwp%2Fv2%2Ftags&post=1410"}],"curies":[{"name":"wp","href":"https:\/\/api.w.org\/{rel}","templated":true}]}}