{"id":1414,"date":"2015-12-10T20:22:33","date_gmt":"2015-12-10T18:22:33","guid":{"rendered":"http:\/\/waldkritik.de\/?p=1414"},"modified":"2016-07-30T10:42:31","modified_gmt":"2016-07-30T08:42:31","slug":"der-zustand-der-oekosysteme-wird-immer-fragiler","status":"publish","type":"post","link":"https:\/\/waldkritik.de\/?p=1414","title":{"rendered":"Der Zustand der \u00d6kosysteme wird immer fragiler"},"content":{"rendered":"<p>Zehn Millionen Datens\u00e4tze, gesammelt in 40 Jahren, bilden die Grundlage f\u00fcr einen ersch\u00fctternden Befund: In Gro\u00dfbritannien nimmt die Artenvielfalt gef\u00e4hrlich ab. Ob Igel, Bienen oder V\u00f6gel: Viele f\u00fcr den Menschen n\u00fctzliche Tierarten sind auf dem R\u00fcckzug, warnen Umweltforscher.<\/p>\n<p><img decoding=\"async\" src=\"http:\/\/www.deutschlandfunk.de\/media\/thumbs\/c\/cbdb57101b02241e4deede3b0a917acfv1_max_755x424_b3535db83dc50e27c1bb1392364c95a2.jpg\" alt=\"http:\/\/www.deutschlandfunk.de\/media\/thumbs\/c\/cbdb57101b02241e4deede3b0a917acfv1_max_755x424_b3535db83dc50e27c1bb1392364c95a2.jpg\" \/><\/p>\n<p>Mehr lesen &gt;&gt;&gt; klicken Sie <span style=\"color: #ff0000;\"><strong><a href=\"http:\/\/www.deutschlandfunk.de\/auf-dem-rueckzug-der-zustand-der-oekosysteme-wird-immer.676.de.html?dram%3Aarticle_id=339308\" target=\"_blank\">HIER<\/a><\/strong><\/span><\/p>\n","protected":false},"excerpt":{"rendered":"<p>Zehn Millionen Datens\u00e4tze, gesammelt in 40 Jahren, bilden die Grundlage f\u00fcr einen ersch\u00fctternden Befund: In Gro\u00dfbritannien nimmt die Artenvielfalt gef\u00e4hrlich ab. Ob Igel, Bienen oder V\u00f6gel: Viele f\u00fcr den Menschen n\u00fctzliche Tierarten sind auf dem R\u00fcckzug, warnen Umweltforscher. Mehr lesen &gt;&gt;&gt; klicken Sie HIER<\/p>\n","protected":false},"author":1,"featured_media":0,"comment_status":"open","ping_status":"closed","sticky":false,"template":"","format":"standard","meta":{"footnotes":""},"categories":[52,1],"tags":[561,562,138,567,558,565,566,556,563,559,560,564],"class_list":["post-1414","post","type-post","status-publish","format-standard","hentry","category-allgemeine-waldthemen","category-der-wald","tag-artenvielfalt","tag-bestaeuber","tag-biodiversitaet","tag-duengereinsatz","tag-grossbritannien","tag-intensivlandwirtschaft","tag-monokulturen","tag-oekosysteme","tag-schaedlingsbekaempfer","tag-tom-oliver","tag-university-of-reading","tag-verstaedterung"],"_links":{"self":[{"href":"https:\/\/waldkritik.de\/index.php?rest_route=\/wp\/v2\/posts\/1414","targetHints":{"allow":["GET"]}}],"collection":[{"href":"https:\/\/waldkritik.de\/index.php?rest_route=\/wp\/v2\/posts"}],"about":[{"href":"https:\/\/waldkritik.de\/index.php?rest_route=\/wp\/v2\/types\/post"}],"author":[{"embeddable":true,"href":"https:\/\/waldkritik.de\/index.php?rest_route=\/wp\/v2\/users\/1"}],"replies":[{"embeddable":true,"href":"https:\/\/waldkritik.de\/index.php?rest_route=%2Fwp%2Fv2%2Fcomments&post=1414"}],"version-history":[{"count":1,"href":"https:\/\/waldkritik.de\/index.php?rest_route=\/wp\/v2\/posts\/1414\/revisions"}],"predecessor-version":[{"id":1415,"href":"https:\/\/waldkritik.de\/index.php?rest_route=\/wp\/v2\/posts\/1414\/revisions\/1415"}],"wp:attachment":[{"href":"https:\/\/waldkritik.de\/index.php?rest_route=%2Fwp%2Fv2%2Fmedia&parent=1414"}],"wp:term":[{"taxonomy":"category","embeddable":true,"href":"https:\/\/waldkritik.de\/index.php?rest_route=%2Fwp%2Fv2%2Fcategories&post=1414"},{"taxonomy":"post_tag","embeddable":true,"href":"https:\/\/waldkritik.de\/index.php?rest_route=%2Fwp%2Fv2%2Ftags&post=1414"}],"curies":[{"name":"wp","href":"https:\/\/api.w.org\/{rel}","templated":true}]}}