{"id":1423,"date":"2016-01-29T23:59:54","date_gmt":"2016-01-29T21:59:54","guid":{"rendered":"http:\/\/waldkritik.de\/?p=1423"},"modified":"2016-07-29T17:45:23","modified_gmt":"2016-07-29T15:45:23","slug":"wie-viel-boden-steht-jedem-erdbewohner-zu","status":"publish","type":"post","link":"https:\/\/waldkritik.de\/?p=1423","title":{"rendered":"Wie viel Boden steht jedem Erdbewohner zu?"},"content":{"rendered":"<div data-canvas-width=\"461.0769887999998\">Kaum jemand in Mitteleuropa macht sich Gedanken, wieviel Ackerland jedem Menschen auf der Erde zur Verf\u00fcgung steht, schon gar nicht wie gro\u00df die Fl\u00e4che ist, die er selbst im Inland und vor allem im Ausland f\u00fcr Nahrung, Kleidung, Sprit etc. gebraucht. Dabei werden bei steigender Weltbev\u00f6lkerung B\u00f6den in gro\u00dfem Umfang gesch\u00e4digt oder gehen verloren. Der Schutz von B\u00f6den ist daher ein politisches Gebot, das international jedoch nicht ausreichend beachtet wird. Es gibt aber viele M\u00f6glichkeiten, pers\u00f6nlich etwas f\u00fcr den Boden und seinen Schutz zu tun.<\/div>\n<div data-canvas-width=\"461.0769887999998\"><\/div>\n<div data-canvas-width=\"461.0769887999998\">Wenn Sie weiterlesen wollen, dann klicken Sie <span style=\"color: #0000ff;\"><strong><a href=\"https:\/\/waldkritik.de\/wp-content\/uploads\/2016\/02\/miehlich-2015-die-2000-m2-von-denen-wir-leben-sollten-artikel.pdf\" target=\"_blank\">HIER!<\/a><\/strong><\/span><\/div>\n","protected":false},"excerpt":{"rendered":"<p>Kaum jemand in Mitteleuropa macht sich Gedanken, wieviel Ackerland jedem Menschen auf der Erde zur Verf\u00fcgung steht, schon gar nicht wie gro\u00df die Fl\u00e4che ist, die er selbst im Inland und vor allem im Ausland f\u00fcr Nahrung, Kleidung, Sprit etc. gebraucht. Dabei werden bei steigender Weltbev\u00f6lkerung B\u00f6den in gro\u00dfem Umfang gesch\u00e4digt oder gehen verloren. Der &hellip; <a href=\"https:\/\/waldkritik.de\/?p=1423\" class=\"more-link\"><span class=\"screen-reader-text\">Wie viel Boden steht jedem Erdbewohner zu?<\/span> weiterlesen <span class=\"meta-nav\">&rarr;<\/span><\/a><\/p>\n","protected":false},"author":1,"featured_media":0,"comment_status":"open","ping_status":"closed","sticky":false,"template":"","format":"standard","meta":{"footnotes":""},"categories":[52,1],"tags":[483,491,488,138,480,492,502,504,324,484,221,481,507,501,496,479,490,487,494,500,503,489,506,497,495,486,498,478,499,505,219,493,485,482],"class_list":["post-1423","post","type-post","status-publish","format-standard","hentry","category-allgemeine-waldthemen","category-der-wald","tag-ackerbau","tag-anbausysteme","tag-armut","tag-biodiversitaet","tag-boeden","tag-boeden-als-lebensraum","tag-bodenkrise","tag-bodenschutzgesetz","tag-bodenverdichtung","tag-ernaehrung","tag-erosion","tag-ertragsfaehigkeit","tag-eu-bodenrahmenrichtlinie","tag-flaechenverbrauch","tag-geschichte","tag-guenter-mielich","tag-humuswirtschaft","tag-hunger","tag-klima","tag-kontamination","tag-lebensmittelverschwendung","tag-migration","tag-nachwachsende-rohstoffe","tag-naehrstoffarmut","tag-stoffwirtschaft","tag-tropenboeden","tag-ueberduengung","tag-uni-hamburg","tag-versalzung","tag-versiegelung","tag-wald","tag-wasserhaushalt","tag-weide","tag-widerstandsfaehigkeit"],"_links":{"self":[{"href":"https:\/\/waldkritik.de\/index.php?rest_route=\/wp\/v2\/posts\/1423","targetHints":{"allow":["GET"]}}],"collection":[{"href":"https:\/\/waldkritik.de\/index.php?rest_route=\/wp\/v2\/posts"}],"about":[{"href":"https:\/\/waldkritik.de\/index.php?rest_route=\/wp\/v2\/types\/post"}],"author":[{"embeddable":true,"href":"https:\/\/waldkritik.de\/index.php?rest_route=\/wp\/v2\/users\/1"}],"replies":[{"embeddable":true,"href":"https:\/\/waldkritik.de\/index.php?rest_route=%2Fwp%2Fv2%2Fcomments&post=1423"}],"version-history":[{"count":1,"href":"https:\/\/waldkritik.de\/index.php?rest_route=\/wp\/v2\/posts\/1423\/revisions"}],"predecessor-version":[{"id":1425,"href":"https:\/\/waldkritik.de\/index.php?rest_route=\/wp\/v2\/posts\/1423\/revisions\/1425"}],"wp:attachment":[{"href":"https:\/\/waldkritik.de\/index.php?rest_route=%2Fwp%2Fv2%2Fmedia&parent=1423"}],"wp:term":[{"taxonomy":"category","embeddable":true,"href":"https:\/\/waldkritik.de\/index.php?rest_route=%2Fwp%2Fv2%2Fcategories&post=1423"},{"taxonomy":"post_tag","embeddable":true,"href":"https:\/\/waldkritik.de\/index.php?rest_route=%2Fwp%2Fv2%2Ftags&post=1423"}],"curies":[{"name":"wp","href":"https:\/\/api.w.org\/{rel}","templated":true}]}}