{"id":1435,"date":"2016-02-21T10:39:42","date_gmt":"2016-02-21T08:39:42","guid":{"rendered":"http:\/\/waldkritik.de\/?p=1435"},"modified":"2016-07-29T14:51:57","modified_gmt":"2016-07-29T12:51:57","slug":"wer-die-natur-ausbeutet-beutet-die-menschen-aus","status":"publish","type":"post","link":"https:\/\/waldkritik.de\/?p=1435","title":{"rendered":"Wer die Natur ausbeutet, beutet die Menschen aus"},"content":{"rendered":"<p>Der 36-j\u00e4hrige NaturFreund Kai Niebert ist der j\u00fcngste Pr\u00e4sident des Deutschen Naturschutzrings (DNR), den der Dachverband der deutschen Natur-, Tier- und Umweltschutzverb\u00e4nde je hatte.<\/p>\n<p>Prof. Dr. rer. nat. Kai Niebert leitet zurzeit den Lehrstuhl f\u00fcr Didaktik der Naturwissenschaften und der Nachhaltigkeit an der Universit\u00e4t Z\u00fcrich und ist zudem Gastprofessor an der Fakult\u00e4t Nachhaltigkeit der Leuphana Universit\u00e4t L\u00fcneburg.<\/p>\n<p><strong><em>Der gr\u00f6\u00dfte Fehler der Umweltbewegung!<\/em><\/strong><\/p>\n<p>Kai Niebert trifft den Nagel auf den Kopf, der gr\u00f6\u00dfte Fehler der Umweltbewegung war es, &#8220;eine Idee von Nachhaltigkeit zu akzeptieren, in der \u00d6kologie, \u00d6konomie und Soziales scheinbar gleichberechtigt nebeneinanderstehen&#8221;.\u00a0 Denn! \u201eImmer wenn es ernst wird, dr\u00e4ngt das Streben nach Wirtschaftswachstum die Umwelt und den Menschen an den Rand.&#8221;<\/p>\n<p><span style=\"color: #0000ff;\"><strong><a href=\"http:\/\/www.forum-csr.net\/News\/9275\/NeuerDNRPrsidentKaiNiebert%E2%80%9EWerdieNaturausbeutetbeutetdieMenschenaus%E2%80%9C.html\" target=\"_blank\">Weiter lesen &gt;&gt;&gt;<\/a><\/strong><\/span><\/p>\n","protected":false},"excerpt":{"rendered":"<p>Der 36-j\u00e4hrige NaturFreund Kai Niebert ist der j\u00fcngste Pr\u00e4sident des Deutschen Naturschutzrings (DNR), den der Dachverband der deutschen Natur-, Tier- und Umweltschutzverb\u00e4nde je hatte. Prof. Dr. rer. nat. Kai Niebert leitet zurzeit den Lehrstuhl f\u00fcr Didaktik der Naturwissenschaften und der Nachhaltigkeit an der Universit\u00e4t Z\u00fcrich und ist zudem Gastprofessor an der Fakult\u00e4t Nachhaltigkeit der Leuphana &hellip; <a href=\"https:\/\/waldkritik.de\/?p=1435\" class=\"more-link\"><span class=\"screen-reader-text\">Wer die Natur ausbeutet, beutet die Menschen aus<\/span> weiterlesen <span class=\"meta-nav\">&rarr;<\/span><\/a><\/p>\n","protected":false},"author":1,"featured_media":0,"comment_status":"open","ping_status":"closed","sticky":false,"template":"","format":"standard","meta":{"footnotes":""},"categories":[52,1],"tags":[439,435,434,34,282,437,438,440,436],"class_list":["post-1435","post","type-post","status-publish","format-standard","hentry","category-allgemeine-waldthemen","category-der-wald","tag-anthropozaen","tag-deutscher-naturschutzring","tag-kai-niebert","tag-nachhaltigkeit","tag-oekologie","tag-oekonomie","tag-soziales","tag-uebernutzung-der-erde","tag-umweltbewegung"],"_links":{"self":[{"href":"https:\/\/waldkritik.de\/index.php?rest_route=\/wp\/v2\/posts\/1435","targetHints":{"allow":["GET"]}}],"collection":[{"href":"https:\/\/waldkritik.de\/index.php?rest_route=\/wp\/v2\/posts"}],"about":[{"href":"https:\/\/waldkritik.de\/index.php?rest_route=\/wp\/v2\/types\/post"}],"author":[{"embeddable":true,"href":"https:\/\/waldkritik.de\/index.php?rest_route=\/wp\/v2\/users\/1"}],"replies":[{"embeddable":true,"href":"https:\/\/waldkritik.de\/index.php?rest_route=%2Fwp%2Fv2%2Fcomments&post=1435"}],"version-history":[{"count":2,"href":"https:\/\/waldkritik.de\/index.php?rest_route=\/wp\/v2\/posts\/1435\/revisions"}],"predecessor-version":[{"id":1437,"href":"https:\/\/waldkritik.de\/index.php?rest_route=\/wp\/v2\/posts\/1435\/revisions\/1437"}],"wp:attachment":[{"href":"https:\/\/waldkritik.de\/index.php?rest_route=%2Fwp%2Fv2%2Fmedia&parent=1435"}],"wp:term":[{"taxonomy":"category","embeddable":true,"href":"https:\/\/waldkritik.de\/index.php?rest_route=%2Fwp%2Fv2%2Fcategories&post=1435"},{"taxonomy":"post_tag","embeddable":true,"href":"https:\/\/waldkritik.de\/index.php?rest_route=%2Fwp%2Fv2%2Ftags&post=1435"}],"curies":[{"name":"wp","href":"https:\/\/api.w.org\/{rel}","templated":true}]}}