{"id":1438,"date":"2016-02-25T19:19:07","date_gmt":"2016-02-25T17:19:07","guid":{"rendered":"http:\/\/waldkritik.de\/?p=1438"},"modified":"2016-07-29T14:45:26","modified_gmt":"2016-07-29T12:45:26","slug":"deutsche-lobbyarbeit-gegen-den-naturschutz","status":"publish","type":"post","link":"https:\/\/waldkritik.de\/?p=1438","title":{"rendered":"Deutsche Lobbyarbeit gegen den Naturschutz"},"content":{"rendered":"<p style=\"text-align: justify;\"><strong><img loading=\"lazy\" decoding=\"async\" class=\"size-medium wp-image-995 alignright\" src=\"https:\/\/i1.wp.com\/blogs.nabu.de\/naturschaetze-retten\/wp-content\/uploads\/sites\/3\/2016\/02\/Feuchtwiese_Beate-Lezius_small.jpg?resize=300%2C226\" sizes=\"auto, (max-width: 300px) 100vw, 300px\" srcset=\"https:\/\/i1.wp.com\/blogs.nabu.de\/naturschaetze-retten\/wp-content\/uploads\/sites\/3\/2016\/02\/Feuchtwiese_Beate-Lezius_small.jpg?resize=300%2C226 300w, https:\/\/i1.wp.com\/blogs.nabu.de\/naturschaetze-retten\/wp-content\/uploads\/sites\/3\/2016\/02\/Feuchtwiese_Beate-Lezius_small.jpg?w=447 447w\" alt=\"Artenreiches Gr\u00fcnland braucht den Schutz der EU. Foto: Beate Lezius\" width=\"300\" height=\"226\" \/>Neue Einblicke: Deutsche Lobbyarbeit gegen den Naturschutz in Br\u00fcssel<\/strong><\/p>\n<p style=\"text-align: justify;\">Gestern l\u00fcftete sich in Br\u00fcssel ein wenig der Schleier \u00fcber der Lobbyarbeit, die einige einflussreiche deutsche Verb\u00e4nde gegen die EU-Naturschutzrichtlinien betreiben. Das sogenannte \u201eAktionsb\u00fcndnis Forum Natur\u201c hatte unter Federf\u00fchrung seines Vorsitzenden Philipp zu Guttenberg (auch Pr\u00e4sident des deutschen Waldeigent\u00fcmerverbands) in die Vertretung Bayerns geladen, um ein Gutachten vorzustellen. Darin werden \u00c4nderungsvorschl\u00e4ge f\u00fcr die EU-Vogelschutz- und die Fauna-Flora-Habitat (FFH)-Richtlinie gemacht. Diese laufen zum Teil auf eine massive Absenkung der gelten Schutzstandards f\u00fcr Lebensr\u00e4ume und Arten hinaus (mehr dazu unten).<\/p>\n<p><span style=\"color: #0000ff;\"><strong><a href=\"https:\/\/blogs.nabu.de\/naturschaetze-retten\/lobbyarbeit\/\" target=\"_blank\">Weiter lesen &gt;&gt;&gt;<\/a><\/strong><\/span><\/p>\n","protected":false},"excerpt":{"rendered":"<p>Neue Einblicke: Deutsche Lobbyarbeit gegen den Naturschutz in Br\u00fcssel Gestern l\u00fcftete sich in Br\u00fcssel ein wenig der Schleier \u00fcber der Lobbyarbeit, die einige einflussreiche deutsche Verb\u00e4nde gegen die EU-Naturschutzrichtlinien betreiben. Das sogenannte \u201eAktionsb\u00fcndnis Forum Natur\u201c hatte unter Federf\u00fchrung seines Vorsitzenden Philipp zu Guttenberg (auch Pr\u00e4sident des deutschen Waldeigent\u00fcmerverbands) in die Vertretung Bayerns geladen, um ein &hellip; <a href=\"https:\/\/waldkritik.de\/?p=1438\" class=\"more-link\"><span class=\"screen-reader-text\">Deutsche Lobbyarbeit gegen den Naturschutz<\/span> weiterlesen <span class=\"meta-nav\">&rarr;<\/span><\/a><\/p>\n","protected":false},"author":1,"featured_media":0,"comment_status":"open","ping_status":"closed","sticky":false,"template":"","format":"standard","meta":{"footnotes":""},"categories":[1],"tags":[426,428,427,429,422,431,424,430,432,433],"class_list":["post-1438","post","type-post","status-publish","format-standard","hentry","category-der-wald","tag-aktionsbuendnis-forum-natur","tag-arbeitsgemeinschaft-der-grundbesitzerverbaende","tag-deutsche-bauernverband","tag-deutsche-jagdverband","tag-eu-naturschutzrichtlinien","tag-ffh-richtlinie","tag-lobbyarbeit","tag-philipp-zu-guttenberg","tag-schutzstandards","tag-umweltkommisar-vella"],"_links":{"self":[{"href":"https:\/\/waldkritik.de\/index.php?rest_route=\/wp\/v2\/posts\/1438","targetHints":{"allow":["GET"]}}],"collection":[{"href":"https:\/\/waldkritik.de\/index.php?rest_route=\/wp\/v2\/posts"}],"about":[{"href":"https:\/\/waldkritik.de\/index.php?rest_route=\/wp\/v2\/types\/post"}],"author":[{"embeddable":true,"href":"https:\/\/waldkritik.de\/index.php?rest_route=\/wp\/v2\/users\/1"}],"replies":[{"embeddable":true,"href":"https:\/\/waldkritik.de\/index.php?rest_route=%2Fwp%2Fv2%2Fcomments&post=1438"}],"version-history":[{"count":1,"href":"https:\/\/waldkritik.de\/index.php?rest_route=\/wp\/v2\/posts\/1438\/revisions"}],"predecessor-version":[{"id":1439,"href":"https:\/\/waldkritik.de\/index.php?rest_route=\/wp\/v2\/posts\/1438\/revisions\/1439"}],"wp:attachment":[{"href":"https:\/\/waldkritik.de\/index.php?rest_route=%2Fwp%2Fv2%2Fmedia&parent=1438"}],"wp:term":[{"taxonomy":"category","embeddable":true,"href":"https:\/\/waldkritik.de\/index.php?rest_route=%2Fwp%2Fv2%2Fcategories&post=1438"},{"taxonomy":"post_tag","embeddable":true,"href":"https:\/\/waldkritik.de\/index.php?rest_route=%2Fwp%2Fv2%2Ftags&post=1438"}],"curies":[{"name":"wp","href":"https:\/\/api.w.org\/{rel}","templated":true}]}}