{"id":1473,"date":"2016-05-10T21:51:25","date_gmt":"2016-05-10T19:51:25","guid":{"rendered":"http:\/\/waldkritik.de\/?p=1473"},"modified":"2016-09-10T08:25:26","modified_gmt":"2016-09-10T06:25:26","slug":"201516-erneute-schaeden-im-schoenbuch","status":"publish","type":"post","link":"https:\/\/waldkritik.de\/?p=1473","title":{"rendered":"Holzernte 2015\/16:  Sch\u00e4den im Sch\u00f6nbuch, Holzernte hat einen Namen"},"content":{"rendered":"<p>&nbsp;<\/p>\n<p><a href=\"https:\/\/waldkritik.de\/wp-content\/uploads\/2016\/03\/Unbenannt-2.jpg\" rel=\"attachment wp-att-1478\"><img loading=\"lazy\" decoding=\"async\" class=\"aligncenter size-full wp-image-1478\" src=\"https:\/\/waldkritik.de\/wp-content\/uploads\/2016\/03\/Unbenannt-2.jpg\" alt=\"Unbenannt-2\" width=\"782\" height=\"205\" srcset=\"https:\/\/waldkritik.de\/wp-content\/uploads\/2016\/03\/Unbenannt-2.jpg 782w, https:\/\/waldkritik.de\/wp-content\/uploads\/2016\/03\/Unbenannt-2-300x79.jpg 300w, https:\/\/waldkritik.de\/wp-content\/uploads\/2016\/03\/Unbenannt-2-768x201.jpg 768w\" sizes=\"auto, (max-width: 782px) 100vw, 782px\" \/><\/a><!--more--><\/p>\n<h3>Holzernte hat einen Namen<\/h3>\n<p><span style=\"color: #ff0000;\"><em><strong>F\u00fcr die Durchf\u00fchrung der Einschlagma\u00dfnahmen 2016 und f\u00fcr die daraus entstandenen Bodensch\u00e4den sind in Reihenfolge verantwortlich:<\/strong><\/em><\/span><\/p>\n<h1>Der Minister f\u00fcr den l\u00e4ndlichen Raum,<br \/>\nHerr Alexander Bonde<\/h1>\n<p>Der Minister hat ein Anschreiben mit der Vorstellung des Entwurfs der Initiative f\u00fcr ein Boden\u00adschutzkonzeptes f\u00fcr den Sch\u00f6nbuch nicht einmal beantwortet!<span style=\"color: #008000;\"><strong>**<\/strong><\/span><\/p>\n<h2>der Gesch\u00e4ftsf\u00fchrer von Forst BW,<br \/>\nHerr Max Reger<\/h2>\n<p>\u2026\u201cBodenschutz ist eine der entscheidenden Grundlagen einer naturnahen Forstwirtschaft.\u201c<span style=\"color: #008000;\"><strong>**<\/strong><\/span><\/p>\n<h3>der Abteilungspr\u00e4sident Forst BW-T\u00fcbingen,<br \/>\nHerr Martin Strittmatter,<\/h3>\n<p>\u2026\u201ewenn ich das sehe, dann kann ich nur feststellen, so wie das Bild aussieht wollen wir das nicht haben\u201c, und, \u2026\u201euns ist es wichtig, dass solche Bilder in der Zukunft nicht entstehen k\u00f6nnen!\u201c<span style=\"color: #008000;\"><strong>**<\/strong><\/span><\/p>\n<h4>der Amtsleiter Landratsamt T\u00fcbingen,<br \/>\nGraf G\u00f6tz von B\u00fclow<\/h4>\n<p>\u2026\u201eWenn es eine Instanz in Deutschland gibt die langfristig denkt und handelt \u2013 dann ist es die Forstwirtschaft!\u201c<span style=\"color: #008000;\"><strong>**<\/strong><\/span><\/p>\n<h5>\u2026und der Revierleiter des Forstreviers Breitenholz,<br \/>\nHerr Erwin Herre<\/h5>\n<p><span style=\"color: #ffffff;\">.<\/span><\/p>\n<p><em><span style=\"color: #008000;\"><strong>**<\/strong><\/span>Die in kleiner Schriftgr\u00f6\u00dfe angelegte Bl\u00f6cke sind Anmerkungen und Originalzitate.<\/em><\/p>\n","protected":false},"excerpt":{"rendered":"<p>&nbsp;<\/p>\n","protected":false},"author":1,"featured_media":0,"comment_status":"open","ping_status":"closed","sticky":false,"template":"","format":"standard","meta":{"footnotes":""},"categories":[1],"tags":[28,250,263,24,262,99,264,185,261,249,265,884],"class_list":["post-1473","post","type-post","status-publish","format-standard","hentry","category-der-wald","tag-bodenschaeden","tag-bodenschutzkonzept-schoenbuch","tag-erwin-herre","tag-forst-bw","tag-goetz-von-buelow","tag-holzernte","tag-landratsamt-tuebingen","tag-martin-strittmatter","tag-max-reger","tag-naturpark-schoenbuch","tag-rp-tuebingen","tag-waldbodenverluste"],"_links":{"self":[{"href":"https:\/\/waldkritik.de\/index.php?rest_route=\/wp\/v2\/posts\/1473","targetHints":{"allow":["GET"]}}],"collection":[{"href":"https:\/\/waldkritik.de\/index.php?rest_route=\/wp\/v2\/posts"}],"about":[{"href":"https:\/\/waldkritik.de\/index.php?rest_route=\/wp\/v2\/types\/post"}],"author":[{"embeddable":true,"href":"https:\/\/waldkritik.de\/index.php?rest_route=\/wp\/v2\/users\/1"}],"replies":[{"embeddable":true,"href":"https:\/\/waldkritik.de\/index.php?rest_route=%2Fwp%2Fv2%2Fcomments&post=1473"}],"version-history":[{"count":17,"href":"https:\/\/waldkritik.de\/index.php?rest_route=\/wp\/v2\/posts\/1473\/revisions"}],"predecessor-version":[{"id":1761,"href":"https:\/\/waldkritik.de\/index.php?rest_route=\/wp\/v2\/posts\/1473\/revisions\/1761"}],"wp:attachment":[{"href":"https:\/\/waldkritik.de\/index.php?rest_route=%2Fwp%2Fv2%2Fmedia&parent=1473"}],"wp:term":[{"taxonomy":"category","embeddable":true,"href":"https:\/\/waldkritik.de\/index.php?rest_route=%2Fwp%2Fv2%2Fcategories&post=1473"},{"taxonomy":"post_tag","embeddable":true,"href":"https:\/\/waldkritik.de\/index.php?rest_route=%2Fwp%2Fv2%2Ftags&post=1473"}],"curies":[{"name":"wp","href":"https:\/\/api.w.org\/{rel}","templated":true}]}}