{"id":151,"date":"2014-07-20T23:08:14","date_gmt":"2014-07-20T21:08:14","guid":{"rendered":"http:\/\/waldkritik.de\/?p=151"},"modified":"2016-09-18T16:36:29","modified_gmt":"2016-09-18T14:36:29","slug":"herr-kretschmann-und-der-pferdeeinsatz-im-wald","status":"publish","type":"post","link":"https:\/\/waldkritik.de\/?p=151","title":{"rendered":"Herr Kretschmann und der Pferdeeinsatz im Wald"},"content":{"rendered":"<p style=\"text-align: justify;\">Liebe Freunde des Waldes, wie hei\u00dft es immer so sch\u00f6n: &#8220;An Ihren Taten sollt Ihr sie messen&#8221;, hier deshalb die Pressemitteilung der Interessengemeinschaft Zugpferde e.V., IGZ, zum Pferdeeinsatz im Wald vom 18. Februar 2011, also bevor die gr\u00fcn-rote Landesregierung ihre Arbeit aufgenommen hat, beurteilt selbst, inwieweit Absichtserkl\u00e4rungen Taten gefolgt sind, wir bleiben dran:<\/p>\n<p><em>Gr\u00fcne in Baden-W\u00fcrttemberg f\u00fcr Pferdeeinsatz im Wald !<\/em><\/p>\n<p><em>Auf die Frage, warum der Einsatz von R\u00fcckepferden im Wald in Baden-W\u00fcrttemberg nicht gef\u00f6rdert werde, antwortete Winfried Kretschmann, Spitzenkandidat von B\u00fcndnis 90\/Die Gr\u00fcnen bei der kommenden Landtagswahl: <\/em><\/p>\n<p><em>\u201eWeil die schwarz-gelbe Landesregierung dies nicht will. Im Gegenteil, die vom damaligen Minister Peter Hauk in Auftrag gegebenen Gutachten zur Forstreform haben gezeigt, dass die CDU auf eine noch st\u00e4rkere Mechanisierung und mehr Einsatz von Gro\u00dfmaschinen im Wald setzt.\u201c<\/em><\/p>\n<p><em>Weiter sagte Kretschmann, \u201eSollten die Gr\u00fcnen in Baden-W\u00fcrttemberg an die Regierung kommen, werden wir \u2026 sehr wohlwollend pr\u00fcfen, ob und wie wir die Arbeit mit Pferden in Baden-W\u00fcrttemberg \u2026 bef\u00f6rdern k\u00f6nnen.\u201c<\/em><\/p>\n<p><em>Daher trifft es sich gut, dass die IGZ bereits in zweiter Auflage eine Adressenliste mit \u00fcber 100 Forstwirtschaftsbetrieben vorweisen kann, die den Einsatz von Pferden in der Forstwirtschaft anbieten. Im gerade beschlossenen Rahmenplan 2011 der Gemeinschaftsaufgabe \u201eVerbesserung der Agrarstruktur und des K\u00fcstenschutzes\u201c (GAK) ist die F\u00f6rderung des Pferdeeinsatzes im Wald weiter enthalten. Dieser muss durch entsprechende Regelungen in den Bundesl\u00e4ndern umgesetzt werden. Kretschmann verwies darauf, dass dies in den Bundesl\u00e4ndern Nordrhein-Westfalen, Saarland und Th\u00fcringen bereits geschehen und die F\u00f6rderung des Pferdeeinsatzes dort Praxis sei.<\/em><\/p>\n<p><em>\u00a0Der Pferdeeinsatz im Wald ist dem Maschineneinsatz nicht nur in \u00f6kologischer Hinsicht deutlich \u00fcberlegen, sondern in vielen Bereichen auch wirtschaftlicher. Das haben zahlreiche Untersuchungen der vergangenen Jahre bewiesen. W\u00fcrde zudem das Verursacherprinzip auch in der Forstwirtschaft konsequent angewandt und die massiven Umweltsch\u00e4den durch die heute \u00fcblichen Forstmaschinen den Verursachern in Rechnung gestellt, w\u00e4re der Einsatz von Harvester und Forwarder unbezahlbar.<\/em><br \/>\n<em>\u201eWir m\u00fcssen uns entscheiden: Wollen wir langfristig stabile W\u00e4lder und eine Bewirtschaftung, die die Bezeichnung \u201enachhaltig\u201c wirklich verdient, so f\u00fchrt im Wald kein Weg am Arbeitspferd vorbei\u201c, so Peter Herold, Leiter der Bundesgesch\u00e4ftsstelle der IGZ. \u201eNur die intelligente Verzahnung von Pferden im Bestand, einem Mindestabstand der R\u00fcckegassen von 40 m und moderner, angepasster Maschinentechnik auf den Gassen ist in der Lage, die langfristige und nachhaltige Nutzungsf\u00e4higkeit unserer W\u00e4lder zu garantieren\u201c, so Herold weiter.<\/em><\/p>\n<p><em>\u00a0Bleibt zu hoffen, dass der Pferdeeinsatz im Wald nach der Landtagswahl in Baden-W\u00fcrttemberg nach Kr\u00e4ften gef\u00f6rdert wird. Die IGZ hat Herrn Kretschmann jedenfalls klar signalisiert, dass sie bereitsteht, ihren Sachverstand einzubringen und gemeinsam mit der zuk\u00fcnftigen Landesregierung ein wegweisendes F\u00f6rderprogramm f\u00fcr den Pferdeeinsatz im Wald zu entwickeln.<\/em><\/p>\n<p><em>\u00a0Interessengemeinschaft Zugpferde e.V.<\/em><br \/>\n<em>&#8211; Bundesgesch\u00e4ftsstelle &#8211;<\/em><\/p>\n<p><em>\u00a0Internet: <a href=\"http:\/\/www.ig-zugpferde.de\" target=\"_blank\"><strong><span style=\"color: #0000ff;\">http:\/\/www.ig-zugpferde.de<\/span><\/strong><\/a><\/em><\/p>\n","protected":false},"excerpt":{"rendered":"<p>Liebe Freunde des Waldes, wie hei\u00dft es immer so sch\u00f6n: &#8220;An Ihren Taten sollt Ihr sie messen&#8221;, hier deshalb die Pressemitteilung der Interessengemeinschaft Zugpferde e.V., IGZ, zum Pferdeeinsatz im Wald vom 18. Februar 2011, also bevor die gr\u00fcn-rote Landesregierung ihre Arbeit aufgenommen hat, beurteilt selbst, inwieweit Absichtserkl\u00e4rungen Taten gefolgt sind, wir bleiben dran: Gr\u00fcne in &hellip; <a href=\"https:\/\/waldkritik.de\/?p=151\" class=\"more-link\"><span class=\"screen-reader-text\">Herr Kretschmann und der Pferdeeinsatz im Wald<\/span> weiterlesen <span class=\"meta-nav\">&rarr;<\/span><\/a><\/p>\n","protected":false},"author":1,"featured_media":0,"comment_status":"open","ping_status":"closed","sticky":false,"template":"","format":"standard","meta":{"footnotes":""},"categories":[52,1],"tags":[1115,1110,1109,1106,1108,1114,1107,1111,1113,1112],"class_list":["post-151","post","type-post","status-publish","format-standard","hentry","category-allgemeine-waldthemen","category-der-wald","tag-foerderprogramm-pferdeeinsatz","tag-gak","tag-gruene-wollen-arbeit-mit-pferden-befoerdern","tag-interessengemeinschaft-zugpferde","tag-minister-peter-hauk-und-mechanisierung-im-wald","tag-nachhaltige-bewirtschaftung","tag-pferdeeinsatz-im-wald","tag-schadenverursacherprinzip","tag-stabile-waelder","tag-wilfried-kretschmann"],"_links":{"self":[{"href":"https:\/\/waldkritik.de\/index.php?rest_route=\/wp\/v2\/posts\/151","targetHints":{"allow":["GET"]}}],"collection":[{"href":"https:\/\/waldkritik.de\/index.php?rest_route=\/wp\/v2\/posts"}],"about":[{"href":"https:\/\/waldkritik.de\/index.php?rest_route=\/wp\/v2\/types\/post"}],"author":[{"embeddable":true,"href":"https:\/\/waldkritik.de\/index.php?rest_route=\/wp\/v2\/users\/1"}],"replies":[{"embeddable":true,"href":"https:\/\/waldkritik.de\/index.php?rest_route=%2Fwp%2Fv2%2Fcomments&post=151"}],"version-history":[{"count":4,"href":"https:\/\/waldkritik.de\/index.php?rest_route=\/wp\/v2\/posts\/151\/revisions"}],"predecessor-version":[{"id":189,"href":"https:\/\/waldkritik.de\/index.php?rest_route=\/wp\/v2\/posts\/151\/revisions\/189"}],"wp:attachment":[{"href":"https:\/\/waldkritik.de\/index.php?rest_route=%2Fwp%2Fv2%2Fmedia&parent=151"}],"wp:term":[{"taxonomy":"category","embeddable":true,"href":"https:\/\/waldkritik.de\/index.php?rest_route=%2Fwp%2Fv2%2Fcategories&post=151"},{"taxonomy":"post_tag","embeddable":true,"href":"https:\/\/waldkritik.de\/index.php?rest_route=%2Fwp%2Fv2%2Ftags&post=151"}],"curies":[{"name":"wp","href":"https:\/\/api.w.org\/{rel}","templated":true}]}}