{"id":1519,"date":"2016-04-07T23:02:33","date_gmt":"2016-04-07T21:02:33","guid":{"rendered":"http:\/\/waldkritik.de\/?p=1519"},"modified":"2016-07-30T10:36:03","modified_gmt":"2016-07-30T08:36:03","slug":"machen-forstmaschinen-unseren-wald-kaputt","status":"publish","type":"post","link":"https:\/\/waldkritik.de\/?p=1519","title":{"rendered":"MACHEN FORSTMASCHINEN UNSEREN WALD KAPUTT"},"content":{"rendered":"<p>am 0<strong>7.04. 20.15<\/strong> Uhr berichtete das SWR-Fernsehen in BadenW\u00fcrttemberg \u00fcber Sch\u00e4den durch Forstmaschinen im Schwarzwald und im Sch\u00f6nbuch, sehen Sie <a href=\"http:\/\/www.swr.de\/zur-sache-baden-wuerttemberg\/abgeholzt-und-umgepfluegt-machen-forstmaschinen-unseren-wald-kaputt\/-\/id=3477354\/did=17013550\/nid=3477354\/1ln72ca\/index.html\" target=\"_blank\"><span style=\"color: #ff0000;\"><strong>HIER<\/strong><\/span><\/a> den 2. Teil der Sendung mit einem Interview mit dem Mitglied der Forstkammer Baden-W\u00fcrttemberg Herrn Max Erbgraf zu K\u00f6nigsegg-Aulendorf<\/p>\n<p><span style=\"color: #ff0000;\"><a href=\"http:\/\/www.swr.de\/zur-sache-baden-wuerttemberg\/abgeholzt-und-umgepfluegt-machen-forstmaschinen-unseren-wald-kaputt\/-\/id=3477354\/did=17013550\/nid=3477354\/1ln72ca\/index.html\" target=\"_blank\">&gt;&gt;&gt; weiter<\/a><\/span><\/p>\n","protected":false},"excerpt":{"rendered":"<p>am 07.04. 20.15 Uhr berichtete das SWR-Fernsehen in BadenW\u00fcrttemberg \u00fcber Sch\u00e4den durch Forstmaschinen im Schwarzwald und im Sch\u00f6nbuch, sehen Sie HIER den 2. Teil der Sendung mit einem Interview mit dem Mitglied der Forstkammer Baden-W\u00fcrttemberg Herrn Max Erbgraf zu K\u00f6nigsegg-Aulendorf &gt;&gt;&gt; weiter<\/p>\n","protected":false},"author":1,"featured_media":0,"comment_status":"open","ping_status":"closed","sticky":false,"template":"","format":"standard","meta":{"footnotes":""},"categories":[1],"tags":[395,28,24,57,249,114,394,402,555],"class_list":["post-1519","post","type-post","status-publish","format-standard","hentry","category-der-wald","tag-baden-wuerttemberg","tag-bodenschaeden","tag-forst-bw","tag-forstmaschinen","tag-naturpark-schoenbuch","tag-schoenbuch","tag-swr","tag-wald-kaputt","tag-zur-sache-bw"],"_links":{"self":[{"href":"https:\/\/waldkritik.de\/index.php?rest_route=\/wp\/v2\/posts\/1519","targetHints":{"allow":["GET"]}}],"collection":[{"href":"https:\/\/waldkritik.de\/index.php?rest_route=\/wp\/v2\/posts"}],"about":[{"href":"https:\/\/waldkritik.de\/index.php?rest_route=\/wp\/v2\/types\/post"}],"author":[{"embeddable":true,"href":"https:\/\/waldkritik.de\/index.php?rest_route=\/wp\/v2\/users\/1"}],"replies":[{"embeddable":true,"href":"https:\/\/waldkritik.de\/index.php?rest_route=%2Fwp%2Fv2%2Fcomments&post=1519"}],"version-history":[{"count":2,"href":"https:\/\/waldkritik.de\/index.php?rest_route=\/wp\/v2\/posts\/1519\/revisions"}],"predecessor-version":[{"id":1526,"href":"https:\/\/waldkritik.de\/index.php?rest_route=\/wp\/v2\/posts\/1519\/revisions\/1526"}],"wp:attachment":[{"href":"https:\/\/waldkritik.de\/index.php?rest_route=%2Fwp%2Fv2%2Fmedia&parent=1519"}],"wp:term":[{"taxonomy":"category","embeddable":true,"href":"https:\/\/waldkritik.de\/index.php?rest_route=%2Fwp%2Fv2%2Fcategories&post=1519"},{"taxonomy":"post_tag","embeddable":true,"href":"https:\/\/waldkritik.de\/index.php?rest_route=%2Fwp%2Fv2%2Ftags&post=1519"}],"curies":[{"name":"wp","href":"https:\/\/api.w.org\/{rel}","templated":true}]}}