{"id":1528,"date":"2016-04-16T17:05:26","date_gmt":"2016-04-16T15:05:26","guid":{"rendered":"http:\/\/waldkritik.de\/?p=1528"},"modified":"2016-07-30T10:35:16","modified_gmt":"2016-07-30T08:35:16","slug":"bodenschaeden-in-baden-wuerttemberg-im-tv","status":"publish","type":"post","link":"https:\/\/waldkritik.de\/?p=1528","title":{"rendered":"BODENSCH\u00c4DEN IN BADEN-W\u00dcRTTEMBERG im TV"},"content":{"rendered":"<p>ZUSCHAUER BERICHTEN AUF DER FACE-BOOK SEITE DER SENDUNG ZUR SACHE BADEN-W\u00dcRTTEMBERG<\/p>\n<p><!--more--><\/p>\n<p>Die Ortsangaben sind Kommentaren der Zuschauer als spontane Reaktionen auf die Sendung entnommen. Sie sind also weder systematisch, noch nach einem gezielt vorgegebenem Muster angelegt.<\/p>\n<p><strong><u>In den Kommentaren l\u00e4sst sich der ausdr\u00fcckliche Wunsch der Menschen zu einer Inventur \u00a0und Bewertung der Sch\u00e4\u00adden ablesen!\u00a0 <\/u><\/strong><\/p>\n<p><span style=\"color: #ff0000;\"><strong><u>DESHALB FORDERN WIR FORST BW AUF, EIN UMFASSENDE ERHEBUNG UND VER\u00d6FFENTLICHUNG DER\u00a0 VORLIEGENDEN BODENSCH\u00c4DEN VORZUNEHMEN!<\/u><\/strong><\/span><\/p>\n<p><a href=\"https:\/\/www.facebook.com\/groups\/490311801169026\/permalink\/515615458638660\/\" target=\"_blank\" rel=\"attachment wp-att-1536\"><img loading=\"lazy\" decoding=\"async\" class=\"aligncenter wp-image-1536\" src=\"https:\/\/waldkritik.de\/wp-content\/uploads\/2016\/04\/zerstoerung.jpg\" alt=\"Waldzerst\u00f6rung\" width=\"550\" height=\"550\" srcset=\"https:\/\/waldkritik.de\/wp-content\/uploads\/2016\/04\/zerstoerung.jpg 500w, https:\/\/waldkritik.de\/wp-content\/uploads\/2016\/04\/zerstoerung-150x150.jpg 150w, https:\/\/waldkritik.de\/wp-content\/uploads\/2016\/04\/zerstoerung-300x300.jpg 300w\" sizes=\"auto, (max-width: 550px) 100vw, 550px\" \/><\/a><\/p>\n<ol>\n<li>Das ver\u00f6ffentlichte Bild ist leider nur ein winziger Bruchteil, ich habe heute auf meiner Laufrunde im vorderen Odenwald nahe Heidelberg endlos viele solcher Flursch\u00e4den gesehen. Die gingen bis zum Horizont, unreparabel\u2026 Was soll da bitte nachhaltig sein?? Und sag mir einer das w\u00e4re nur f\u00fcr den heimischen Markt. Da wollen wir uns doch nicht in die Tasche l\u00fcgen.<br \/>\n<span style=\"color: #ffffff;\">.<\/span><\/li>\n<li>Im Nordschwarzwald rund um Gernsbach ist es nicht anders: gr\u00f6\u00dfere Areale werden durch die Ernte praktisch umgepfl\u00fcgt &#8211; die besondere Stimmung des Waldes ist an dieser Stelle f\u00fcr Jahre kaputt. Peter Wohlleben beschreibt in seinem Buch &#8220;Das geheime Leben der B\u00e4ume&#8221;, wie vielschichtig der Wald ist. Das Bundeswaldgesetz betont au\u00dferdem, dass der Wald neben der wirtschaftlichen Nutzung immer auch besonderen Schutzes bedarf. Die Kluft zwischen Forstwirt (oder seinen Leiharbeitern) und Idealisten ist un\u00fcberbr\u00fcckbar, wie im Streit um den Nationalpark im Schwarzwald sichtbar wurde. Es ist sicher richtig, dass die Forstwirte mit Jahrhunderten Erfahrung den Wald bewahrt haben, aber die Verh\u00e4ltnisse haben sich dramatisch ge\u00e4ndert: Der Wald wird vom Gewinnstreben ausgepresst wie der industrielle Mittelstand von einer US-Holding. Das sollten die Forstwirte auch sehen, sonst haben sie bald keinen Arbeitsplatz mehr im &#8220;maschinenerntbaren Wirtschaftswald&#8221;.<br \/>\n<span style=\"color: #ffffff;\">.<\/span><\/li>\n<li>Ich wohne seit gut 2 Wochen am Fu\u00dfe der L\u00f6wensteiner Berge und meine Erkundungstouren waren bisher sehr deprimierend. \u00dcberall im Wald sieht man diese Schneisen der Zerst\u00f6rung. Tiefe mit Wasser und Matsch bef\u00fcllte Furchen, tonnenweise Ge\u00e4st, welches kreuz und quer \u00fcber den &#8220;Wegen&#8221; liegt. Und es gibt auch mindestens einen Fall in dem ein ehemaliger Wanderweg\/Trail durch Forstarbeiten platt gemacht wurde.Leider hatte ich bisher keine Kamera dabei, aber auf meiner n\u00e4chsten Tour werde ich ein paar Bilder machen.<br \/>\n<span style=\"color: #ffffff;\">.<\/span><\/li>\n<li>Hallo. Ich komme aus Gechingen. Bei meiner MTB Ausfahrt am letzten Sonntag habe ich auch beinahe mehrere Kilometer (an verschiedenen Stellen) zerst\u00f6rten Waldboden beobachten m\u00fcssen. Mit Bilder kann ich so kurzfristig leider nicht mehr dienen. Wenn gew\u00fcnscht kann ich diese als Nachweis gerne nachreichen. Was mir dabei leider auch auffiel ist, dass die Forstwirtschaft offensichtlich nicht einmal versucht sie Sch\u00e4den gering zu halten. Wenn man bei einem derart aufgeweichten Boden wie es derzeit der Fall ist mit schwerem Ger\u00e4t durch den Wald pfl\u00fcgt sind gro\u00dfe Sch\u00e4den am Waldboden vorprogrammiert&#8230;<br \/>\n<span style=\"color: #ffffff;\">.<\/span><\/li>\n<li>L\u00f6rrach dasselbe, jedes Jahr noch mehr Verw\u00fcstung. Wo finden eigentlich die Wildtiere noch Deckung? Die Wege werden erst mit riesigen Holz-Lastwagen (!) und Maschinen kaputt gefahren, dann grob geschottert. Weder zu Fuss, mit Kinderwagen, Pferd oder Fahrrad macht das Spa\u00df!!!! Am Wegrand pr\u00e4gen hunderte Setzlinge in Plastik und riesige &#8220;Scheiterhaufen&#8221; das neue Landschaftsbild &#8211; traumhaft \u201efrown\u201c-Emotion Und das mit gr\u00fcner Landesregierung&#8230;<br \/>\n<span style=\"color: #ffffff;\">.<\/span><\/li>\n<li>Ja auf der Alb kann man das auch sehen.<br \/>\n<span style=\"color: #ffffff;\">.<\/span><\/li>\n<li>Ja, die gibt&#8217;s hier zu gen\u00fcge&#8230;<br \/>\n<span style=\"color: #ffffff;\">.<\/span><\/li>\n<li>Leider seit Jahren ein &#8220;normales&#8221; Bild in unseren Waldgebieten am \u00f6stlichen Bodensee!<br \/>\n<span style=\"color: #ffffff;\">.<\/span><\/li>\n<li>Im Hardtwald auch! Riesen Furchen breite Wege! Einfach Raubbau an der Natur<br \/>\n<span style=\"color: #ffffff;\">.<\/span><\/li>\n<li>Rund um Oberkochen im Ostalbkreis wurden in den letzten zehn Jahren systematisch alle Buchenw\u00e4lder in Hanglagen komplett gerodet. Trotz FFH Gebiet. Fotobeweise vorhanden. Zudem wurden einige neue Trassen in den H\u00e4ngen gebaut und eingeschottert.Ist in Konstanz und Umgebung \u00e4hnlich&#8230;!<br \/>\n<span style=\"color: #ffffff;\">.<\/span><\/li>\n<li>Rund um Stuttgart sieht es leider oft so aus.<br \/>\n<span style=\"color: #ffffff;\">.<\/span><\/li>\n<li>So sieht es auch im S\u00fcdschwarzwald aus<br \/>\n<span style=\"color: #ffffff;\">.<\/span><\/li>\n<li>Ehrenstetten das gleiche. Grauselig.<br \/>\n<span style=\"color: #ffffff;\">.<\/span><\/li>\n<li>Im Eschwald sieht es au so aus<br \/>\n<span style=\"color: #ffffff;\">.<\/span><\/li>\n<li><a href=\"https:\/\/www.facebook.com\/groups\/490311801169026\/permalink\/513330998867106\/?hc_location=ufi\" target=\"_blank\">https:\/\/www.facebook.com\/groups\/490311801169026\/permalink\/513330998867106\/?hc_location=ufi<br \/>\n<span style=\"color: #ffffff;\">.<\/span><\/a><\/li>\n<li><a href=\"https:\/\/www.facebook.com\/groups\/246836135455526\/?hc_location=ufi\" target=\"_blank\">https:\/\/www.facebook.com\/groups\/246836135455526\/?hc_location=ufi<br \/>\n<span style=\"color: #ffffff;\">.<\/span><\/a><\/li>\n<li><a href=\"https:\/\/www.facebook.com\/groups\/490311801169026\/permalink\/515615458638660\/?hc_location=ufi\" target=\"_blank\">https:\/\/www.facebook.com\/groups\/490311801169026\/permalink\/515615458638660\/?hc_location=ufi<br \/>\n<span style=\"color: #ffffff;\">.<\/span><\/a><\/li>\n<\/ol>\n<p>UND\u2026 NACHFOLGENDER BEITRAG WEIST AUF EINE DRINGLICHE ERWEITERUNG DES KRITIK\u00adFELDES AN FORST BW<\/p>\n<p>Man sollte nicht nur \u00fcber die unsch\u00f6nen Schneisen berichten, sondern auch \u00fcber das exzessive Ausholzen des Waldes. Oft bleiben \u00e4u\u00dfere &#8220;Kulissen&#8221; stehen, betritt man die W\u00e4ldchen, stehen nur noch wenige B\u00e4ume, die meisten sind bereits markiert. Mein Verdacht: &#8220;Greenpeace rechnet vor, dass Bayern im vergangenen Jahr rund 75.000 Tonnen Holz direkt nach China exportiert habe. Nur 36 Prozent des in Bayern insgesamt eingeschlagenen Laubholzes sei im Bundesland verblieben.&#8221;<\/p>\n<p><a href=\"http:\/\/www.spiegel.de\/wissenschaft\/natur\/wald-in-bayern-luftbilder-von-greenpeace-zeigen-zerstoerung-a-829749.html\" target=\"_blank\">http:\/\/www.spiegel.de\/wissenschaft\/natur\/wald-in-bayern-luftbilder-von-greenpeace-zeigen-zerstoerung-a-829749.html<\/a><\/p>\n","protected":false},"excerpt":{"rendered":"<p>ZUSCHAUER BERICHTEN AUF DER FACE-BOOK SEITE DER SENDUNG ZUR SACHE BADEN-W\u00dcRTTEMBERG<\/p>\n","protected":false},"author":1,"featured_media":0,"comment_status":"open","ping_status":"closed","sticky":false,"template":"","format":"standard","meta":{"footnotes":""},"categories":[1],"tags":[395,28,397,398,394,555,400],"class_list":["post-1528","post","type-post","status-publish","format-standard","hentry","category-der-wald","tag-baden-wuerttemberg","tag-bodenschaeden","tag-face-book","tag-kommentare","tag-swr","tag-zur-sache-bw","tag-zuschauerreaktionen"],"_links":{"self":[{"href":"https:\/\/waldkritik.de\/index.php?rest_route=\/wp\/v2\/posts\/1528","targetHints":{"allow":["GET"]}}],"collection":[{"href":"https:\/\/waldkritik.de\/index.php?rest_route=\/wp\/v2\/posts"}],"about":[{"href":"https:\/\/waldkritik.de\/index.php?rest_route=\/wp\/v2\/types\/post"}],"author":[{"embeddable":true,"href":"https:\/\/waldkritik.de\/index.php?rest_route=\/wp\/v2\/users\/1"}],"replies":[{"embeddable":true,"href":"https:\/\/waldkritik.de\/index.php?rest_route=%2Fwp%2Fv2%2Fcomments&post=1528"}],"version-history":[{"count":12,"href":"https:\/\/waldkritik.de\/index.php?rest_route=\/wp\/v2\/posts\/1528\/revisions"}],"predecessor-version":[{"id":1547,"href":"https:\/\/waldkritik.de\/index.php?rest_route=\/wp\/v2\/posts\/1528\/revisions\/1547"}],"wp:attachment":[{"href":"https:\/\/waldkritik.de\/index.php?rest_route=%2Fwp%2Fv2%2Fmedia&parent=1528"}],"wp:term":[{"taxonomy":"category","embeddable":true,"href":"https:\/\/waldkritik.de\/index.php?rest_route=%2Fwp%2Fv2%2Fcategories&post=1528"},{"taxonomy":"post_tag","embeddable":true,"href":"https:\/\/waldkritik.de\/index.php?rest_route=%2Fwp%2Fv2%2Ftags&post=1528"}],"curies":[{"name":"wp","href":"https:\/\/api.w.org\/{rel}","templated":true}]}}