{"id":1541,"date":"2016-04-18T20:22:17","date_gmt":"2016-04-18T18:22:17","guid":{"rendered":"http:\/\/waldkritik.de\/?p=1541"},"modified":"2016-08-13T08:27:27","modified_gmt":"2016-08-13T06:27:27","slug":"bodenschaeden-verhindern-den-kohlenstoffausstausch-der-baeume-an-den-rueckegassen","status":"publish","type":"post","link":"https:\/\/waldkritik.de\/?p=1541","title":{"rendered":"BODENSCH\u00c4DEN VERHINDERN DEN KOHLENSTOFFAUSSTAUSCH DER B\u00c4UME AN DEN R\u00dcCKEGASSEN"},"content":{"rendered":"<p>Die Uni Basel hat jetzt den wissenschaftlichen Beleg erbracht &#8230;<br \/>\n<span style=\"color: #ffffff;\">.<\/span><br \/>\n<span style=\"color: #008000;\"><a style=\"color: #008000;\" href=\"https:\/\/www.unibas.ch\/de\/Aktuell\/News\/Uni-Research\/Ueberraschung-im-Wald-Baeume-tauschen-untereinander-Kohlenstoff-aus.html\" target=\"_blank\"><strong>hier weiterlesen &gt;&gt;&gt;<\/strong><\/a><\/span><\/p>\n","protected":false},"excerpt":{"rendered":"<p>Die Uni Basel hat jetzt den wissenschaftlichen Beleg erbracht &#8230; . hier weiterlesen &gt;&gt;&gt;<\/p>\n","protected":false},"author":1,"featured_media":0,"comment_status":"open","ping_status":"closed","sticky":false,"template":"","format":"standard","meta":{"footnotes":""},"categories":[1],"tags":[387,28,393,389,386,390,392,391,384,884,385,388],"class_list":["post-1541","post","type-post","status-publish","format-standard","hentry","category-der-wald","tag-baeume","tag-bodenschaeden","tag-christian-koerner","tag-fotosynthese","tag-kohlenstoffaustausch","tag-mykorrhizapilze","tag-rolf-siegwolf","tag-tamir-klein","tag-uni-basel","tag-waldbodenverluste","tag-wissenschaftsmagazin-science","tag-wurzeln"],"_links":{"self":[{"href":"https:\/\/waldkritik.de\/index.php?rest_route=\/wp\/v2\/posts\/1541","targetHints":{"allow":["GET"]}}],"collection":[{"href":"https:\/\/waldkritik.de\/index.php?rest_route=\/wp\/v2\/posts"}],"about":[{"href":"https:\/\/waldkritik.de\/index.php?rest_route=\/wp\/v2\/types\/post"}],"author":[{"embeddable":true,"href":"https:\/\/waldkritik.de\/index.php?rest_route=\/wp\/v2\/users\/1"}],"replies":[{"embeddable":true,"href":"https:\/\/waldkritik.de\/index.php?rest_route=%2Fwp%2Fv2%2Fcomments&post=1541"}],"version-history":[{"count":4,"href":"https:\/\/waldkritik.de\/index.php?rest_route=\/wp\/v2\/posts\/1541\/revisions"}],"predecessor-version":[{"id":1546,"href":"https:\/\/waldkritik.de\/index.php?rest_route=\/wp\/v2\/posts\/1541\/revisions\/1546"}],"wp:attachment":[{"href":"https:\/\/waldkritik.de\/index.php?rest_route=%2Fwp%2Fv2%2Fmedia&parent=1541"}],"wp:term":[{"taxonomy":"category","embeddable":true,"href":"https:\/\/waldkritik.de\/index.php?rest_route=%2Fwp%2Fv2%2Fcategories&post=1541"},{"taxonomy":"post_tag","embeddable":true,"href":"https:\/\/waldkritik.de\/index.php?rest_route=%2Fwp%2Fv2%2Ftags&post=1541"}],"curies":[{"name":"wp","href":"https:\/\/api.w.org\/{rel}","templated":true}]}}