{"id":1548,"date":"2016-06-18T12:05:24","date_gmt":"2016-06-18T10:05:24","guid":{"rendered":"http:\/\/waldkritik.de\/?p=1548"},"modified":"2016-09-21T21:54:53","modified_gmt":"2016-09-21T19:54:53","slug":"bodenzerstoerung-in-waldbiotopen","status":"publish","type":"post","link":"https:\/\/waldkritik.de\/?p=1548","title":{"rendered":"BODENZERST\u00d6RUNG IN GESCH\u00dcTZTEM WALDBIOTOP BEI AMMERBUCH"},"content":{"rendered":"<p>Der unreflektierte Einsatz\u00a0 von Holzerntemaschinen macht auch in Waldbiotopen, hier, <strong>Sch\u00f6nbuch \/ Nebenb\u00e4che zum Arenbach<\/strong>, nicht Halt. &#8220;\u00d6kologische Kleinode des Waldes stehen unter nachhaltigem Schutz und die Pflege dieser sensiblen Waldbereiche sind \u00fcber die ordnungsgem\u00e4\u00dfe forstliche Bewirtschaftung gew\u00e4hrleistet&#8221;, ist auf der Webseite von Forst BW zu lesen!<\/p>\n<p><strong>Was, wenn die B\u00f6den der sensiblen Waldbereiche durch Befahrung zerst\u00f6rt werden?<\/strong><\/p>\n<p>Hierzu die Korrespondenz mit der Unteren Naturschutzbeh\u00f6rde des Landkreises T\u00fcbingen:<\/p>\n<p><span style=\"color: #ff0000;\"><strong>Hierzu zwei Antworten der Fachabteilung:<\/strong>\u00a0 In den an das Gew\u00e4sser angrenzenden Waldbest\u00e4nden wurde im vergangenen Winter Holz genutzt, der Bach bzw. das Biotop waren dadurch nicht direkt ber\u00fchrt (<\/span><span style=\"color: #ff0000;\">!)<\/span><span style=\"color: #000000;\"> &#8230; (dass) auf das Gesamtbiotop gesehen &#8211; nicht von einer erheblichen Beeintr\u00e4chtigung ausgegangen werden kann.<br \/>\n<\/span><\/p>\n<p>Die Befahrung der Quellflur, des Baches und des Uferbereichs mit der Folge von Bodenbruch, bleibt unerw\u00e4hnt.<\/p>\n<p><!--more--><\/p>\n<p><span style=\"color: #ffffff;\">.<\/span><\/p>\n<div id=\"metaslider-id-1566\" style=\"max-width: 500px;\" class=\"ml-slider-3-108-0 ml-slider-pro-2-7-1 metaslider metaslider-nivo metaslider-1566 ml-slider ms-theme-default\" role=\"region\" aria-label=\"Befahrungssch\u00e4den im Waldbiotop\" data-width=\"500\">\n    <div id=\"metaslider_container_1566\">\n        <div class='slider-wrapper theme-default'><div class='ribbon'><\/div><div id='metaslider_1566' class='nivoSlider'><img loading=\"lazy\" decoding=\"async\" width=\"600\" height=\"450\" src=\"https:\/\/waldkritik.de\/wp-content\/uploads\/2016\/04\/P1010469.jpg\" class=\"slider-1566 slide-1567 msDefaultImage\" alt=\"\" data-caption=\"\" data-thumb=\"\" title=\"\" rel=\"\" srcset=\"https:\/\/waldkritik.de\/wp-content\/uploads\/2016\/04\/P1010469.jpg 600w, https:\/\/waldkritik.de\/wp-content\/uploads\/2016\/04\/P1010469-300x225.jpg 300w, https:\/\/waldkritik.de\/wp-content\/uploads\/2016\/04\/P1010469-500x375.jpg 500w\" sizes=\"auto, (max-width: 600px) 100vw, 600px\" \/><img loading=\"lazy\" decoding=\"async\" width=\"450\" height=\"600\" src=\"https:\/\/waldkritik.de\/wp-content\/uploads\/2016\/04\/P1010473.jpg\" class=\"slider-1566 slide-1568 msDefaultImage\" alt=\"\" data-caption=\"\" data-thumb=\"\" title=\"\" rel=\"\" srcset=\"https:\/\/waldkritik.de\/wp-content\/uploads\/2016\/04\/P1010473.jpg 450w, https:\/\/waldkritik.de\/wp-content\/uploads\/2016\/04\/P1010473-225x300.jpg 225w\" sizes=\"auto, (max-width: 450px) 100vw, 450px\" \/><img loading=\"lazy\" decoding=\"async\" width=\"600\" height=\"450\" src=\"https:\/\/waldkritik.de\/wp-content\/uploads\/2016\/04\/P1010475.jpg\" class=\"slider-1566 slide-1569 msDefaultImage\" alt=\"\" data-caption=\"\" data-thumb=\"\" title=\"\" rel=\"\" srcset=\"https:\/\/waldkritik.de\/wp-content\/uploads\/2016\/04\/P1010475.jpg 600w, https:\/\/waldkritik.de\/wp-content\/uploads\/2016\/04\/P1010475-300x225.jpg 300w, https:\/\/waldkritik.de\/wp-content\/uploads\/2016\/04\/P1010475-500x375.jpg 500w\" sizes=\"auto, (max-width: 600px) 100vw, 600px\" \/><\/div><\/div>\n        \n    <\/div>\n<\/div>\n<p><span style=\"color: #ffffff;\">.<\/span><\/p>\n<h3><span style=\"color: #ff0000;\"><strong><a style=\"color: #ff0000;\" href=\"https:\/\/waldkritik.de\/?page_id=1695\" target=\"_blank\">Hier finden Sie die gesamte<br \/>\nKorrespondenz fortlaufend !!! <span style=\"color: #000000;\">(bitte anklicken)<\/span><\/a><\/strong><\/span><\/h3>\n<p>&nbsp;<\/p>\n<p>Die Iniative hat nachfolgende Umweltmeldung beim BW Ministerium f\u00fcr Umwelt, Klima und Energiewirtschaft eingereicht.<\/p>\n<p><a href=\"http:\/\/forstbw.de\/schuetzen-bewahren\/waldschutzgebiete\/waldbiotope.html\" target=\"_blank\"><strong>Forst BW: \u00d6kologische Kleinode des Waldes<\/strong><\/a><strong><a href=\"https:\/\/waldkritik.de\/wp-content\/uploads\/2016\/04\/BTOP_7419601996.pdf\" target=\"_blank\" rel=\"\"><span style=\"color: #ffffff;\">.<\/span><\/a><\/strong><\/p>\n<p><strong><a href=\"https:\/\/waldkritik.de\/wp-content\/uploads\/2016\/04\/BTOP_7419601996.pdf\" target=\"_blank\" rel=\"\">Biotop-Kartierung Nebenb\u00e4che zum Arenbach<span style=\"color: #ffffff;\">.<\/span><\/a><\/strong><\/p>\n<p><span style=\"color: #ff0000;\"><strong><a href=\"https:\/\/waldkritik.de\/?page_id=1559\" target=\"_blank\">Unsere Umweltmeldung<br \/>\n<\/a><\/strong><a href=\"https:\/\/waldkritik.de\/?page_id=1559\" target=\"_blank\">an das BW Ministerium f\u00fcr Umwelt, Klima und Energiewirtschaft vom 13.04.2016 | 17.01 Uhr<\/a><\/span><\/p>\n<p>&nbsp;<\/p>\n","protected":false},"excerpt":{"rendered":"<p>Der unreflektierte Einsatz\u00a0 von Holzerntemaschinen macht auch in Waldbiotopen, hier, Sch\u00f6nbuch \/ Nebenb\u00e4che zum Arenbach, nicht Halt. &#8220;\u00d6kologische Kleinode des Waldes stehen unter nachhaltigem Schutz und die Pflege dieser sensiblen Waldbereiche sind \u00fcber die ordnungsgem\u00e4\u00dfe forstliche Bewirtschaftung gew\u00e4hrleistet&#8221;, ist auf der Webseite von Forst BW zu lesen! Was, wenn die B\u00f6den der sensiblen Waldbereiche durch &hellip; <a href=\"https:\/\/waldkritik.de\/?p=1548\" class=\"more-link\"><span class=\"screen-reader-text\">BODENZERST\u00d6RUNG IN GESCH\u00dcTZTEM WALDBIOTOP BEI AMMERBUCH<\/span> weiterlesen <span class=\"meta-nav\">&rarr;<\/span><\/a><\/p>\n","protected":false},"author":1,"featured_media":0,"comment_status":"open","ping_status":"closed","sticky":false,"template":"","format":"standard","meta":{"footnotes":""},"categories":[1],"tags":[383,237,236,512,250,248,238,239,233,246,249,857,279,114,240,235,232,231,953],"class_list":["post-1548","post","type-post","status-publish","format-standard","hentry","category-der-wald","tag-alexander-koeberle","tag-arenbach","tag-biotopkartierung","tag-biotopnummer-7419601996","tag-bodenschutzkonzept-schoenbuch","tag-bundesnaturschutzgesetz","tag-fliessgewaesser","tag-gemeindewald-ammerbuch","tag-landkreis-tuebingen","tag-landrat-walter","tag-naturpark-schoenbuch","tag-people-4-soil","tag-rolf-strohmaier","tag-schoenbuch","tag-staatswald-bw","tag-umweltmeldestelle","tag-untere-naturschutzbehoerde","tag-waldbiotop","tag-waldbodenverlust"],"_links":{"self":[{"href":"https:\/\/waldkritik.de\/index.php?rest_route=\/wp\/v2\/posts\/1548","targetHints":{"allow":["GET"]}}],"collection":[{"href":"https:\/\/waldkritik.de\/index.php?rest_route=\/wp\/v2\/posts"}],"about":[{"href":"https:\/\/waldkritik.de\/index.php?rest_route=\/wp\/v2\/types\/post"}],"author":[{"embeddable":true,"href":"https:\/\/waldkritik.de\/index.php?rest_route=\/wp\/v2\/users\/1"}],"replies":[{"embeddable":true,"href":"https:\/\/waldkritik.de\/index.php?rest_route=%2Fwp%2Fv2%2Fcomments&post=1548"}],"version-history":[{"count":50,"href":"https:\/\/waldkritik.de\/index.php?rest_route=\/wp\/v2\/posts\/1548\/revisions"}],"predecessor-version":[{"id":1697,"href":"https:\/\/waldkritik.de\/index.php?rest_route=\/wp\/v2\/posts\/1548\/revisions\/1697"}],"wp:attachment":[{"href":"https:\/\/waldkritik.de\/index.php?rest_route=%2Fwp%2Fv2%2Fmedia&parent=1548"}],"wp:term":[{"taxonomy":"category","embeddable":true,"href":"https:\/\/waldkritik.de\/index.php?rest_route=%2Fwp%2Fv2%2Fcategories&post=1548"},{"taxonomy":"post_tag","embeddable":true,"href":"https:\/\/waldkritik.de\/index.php?rest_route=%2Fwp%2Fv2%2Ftags&post=1548"}],"curies":[{"name":"wp","href":"https:\/\/api.w.org\/{rel}","templated":true}]}}