{"id":1658,"date":"2017-07-05T10:57:24","date_gmt":"2017-07-05T08:57:24","guid":{"rendered":"http:\/\/waldkritik.de\/?p=1658"},"modified":"2017-09-09T16:35:56","modified_gmt":"2017-09-09T14:35:56","slug":"waldwirkung-auf-hochwasser","status":"publish","type":"post","link":"https:\/\/waldkritik.de\/?p=1658","title":{"rendered":"Waldwirkung auf Hochwasser- Christoph Hegg"},"content":{"rendered":"<p>Die Qualit\u00e4t der Waldb\u00f6den ist entscheidend f\u00fcr die Wiederaufnahme des Wassers, das aus dem Himmel kommt &#8230;<\/p>\n<p>Lesen Sie bitte den nachfolgenden Artikel aus aktuellem Anla\u00df:<\/p>\n<p><a href=\"https:\/\/waldkritik.de\/wp-content\/uploads\/2016\/06\/wsl_waldwirkung_hochwasser_originalartikel.pdf\">wsl_waldwirkung_hochwasser_originalartikel<\/a><\/p>\n","protected":false},"excerpt":{"rendered":"<p>Die Qualit\u00e4t der Waldb\u00f6den ist entscheidend f\u00fcr die Wiederaufnahme des Wassers, das aus dem Himmel kommt &#8230; Lesen Sie bitte den nachfolgenden Artikel aus aktuellem Anla\u00df: wsl_waldwirkung_hochwasser_originalartikel<\/p>\n","protected":false},"author":1,"featured_media":0,"comment_status":"open","ping_status":"closed","sticky":false,"template":"","format":"standard","meta":{"footnotes":""},"categories":[1],"tags":[226,210,229,211,221,222,228,227,212,220,223,213,214,215,216,225,230,219,224,217,218],"class_list":["post-1658","post","type-post","status-publish","format-standard","hentry","category-der-wald","tag-alptal","tag-badoux","tag-braunerden","tag-engler","tag-erosion","tag-erosionschutzwirkung","tag-flysch","tag-gleyboeden","tag-graf","tag-hochwasser","tag-hochwasserabflussbildung","tag-jeisy","tag-kienholz","tag-luescher","tag-rickli","tag-speicherfaehigkeit","tag-stauwasserboeden","tag-wald","tag-wasseraufnahmefaehigkeit","tag-weingartner","tag-witzig"],"_links":{"self":[{"href":"https:\/\/waldkritik.de\/index.php?rest_route=\/wp\/v2\/posts\/1658","targetHints":{"allow":["GET"]}}],"collection":[{"href":"https:\/\/waldkritik.de\/index.php?rest_route=\/wp\/v2\/posts"}],"about":[{"href":"https:\/\/waldkritik.de\/index.php?rest_route=\/wp\/v2\/types\/post"}],"author":[{"embeddable":true,"href":"https:\/\/waldkritik.de\/index.php?rest_route=\/wp\/v2\/users\/1"}],"replies":[{"embeddable":true,"href":"https:\/\/waldkritik.de\/index.php?rest_route=%2Fwp%2Fv2%2Fcomments&post=1658"}],"version-history":[{"count":3,"href":"https:\/\/waldkritik.de\/index.php?rest_route=\/wp\/v2\/posts\/1658\/revisions"}],"predecessor-version":[{"id":2345,"href":"https:\/\/waldkritik.de\/index.php?rest_route=\/wp\/v2\/posts\/1658\/revisions\/2345"}],"wp:attachment":[{"href":"https:\/\/waldkritik.de\/index.php?rest_route=%2Fwp%2Fv2%2Fmedia&parent=1658"}],"wp:term":[{"taxonomy":"category","embeddable":true,"href":"https:\/\/waldkritik.de\/index.php?rest_route=%2Fwp%2Fv2%2Fcategories&post=1658"},{"taxonomy":"post_tag","embeddable":true,"href":"https:\/\/waldkritik.de\/index.php?rest_route=%2Fwp%2Fv2%2Ftags&post=1658"}],"curies":[{"name":"wp","href":"https:\/\/api.w.org\/{rel}","templated":true}]}}