{"id":1679,"date":"2016-06-17T17:42:33","date_gmt":"2016-06-17T15:42:33","guid":{"rendered":"http:\/\/waldkritik.de\/?p=1679"},"modified":"2016-09-10T08:12:50","modified_gmt":"2016-09-10T06:12:50","slug":"herausforderung-gemeistert","status":"publish","type":"post","link":"https:\/\/waldkritik.de\/?p=1679","title":{"rendered":"J\u00f6rg K\u00fcbert-HERAUSFORDERUNG GEMEISTERT?"},"content":{"rendered":"<p>eine Betrachtung von J\u00f6rg Kuebert<\/p>\n<p><!--more--><\/p>\n<figure id=\"attachment_1680\" aria-describedby=\"caption-attachment-1680\" style=\"width: 1000px\" class=\"wp-caption alignleft\"><a href=\"https:\/\/waldkritik.de\/wp-content\/uploads\/2016\/06\/Betrachtung.jpg\" rel=\"attachment wp-att-1680\"><img loading=\"lazy\" decoding=\"async\" class=\"wp-image-1680 size-full\" src=\"https:\/\/waldkritik.de\/wp-content\/uploads\/2016\/06\/Betrachtung.jpg\" alt=\"Betrachtung\" width=\"1000\" height=\"1182\" srcset=\"https:\/\/waldkritik.de\/wp-content\/uploads\/2016\/06\/Betrachtung.jpg 1000w, https:\/\/waldkritik.de\/wp-content\/uploads\/2016\/06\/Betrachtung-254x300.jpg 254w, https:\/\/waldkritik.de\/wp-content\/uploads\/2016\/06\/Betrachtung-768x908.jpg 768w, https:\/\/waldkritik.de\/wp-content\/uploads\/2016\/06\/Betrachtung-866x1024.jpg 866w\" sizes=\"auto, (max-width: 1000px) 100vw, 1000px\" \/><\/a><figcaption id=\"caption-attachment-1680\" class=\"wp-caption-text\">Forstliche Mitteilung 10\/2015 | 68. Jahrgang<\/figcaption><\/figure>\n","protected":false},"excerpt":{"rendered":"<p>eine Betrachtung von J\u00f6rg Kuebert<\/p>\n","protected":false},"author":1,"featured_media":0,"comment_status":"open","ping_status":"closed","sticky":false,"template":"","format":"standard","meta":{"footnotes":""},"categories":[1],"tags":[44,24,207,206,204,251,249],"class_list":["post-1679","post","type-post","status-publish","format-standard","hentry","category-der-wald","tag-bodenschutzkonzept","tag-forst-bw","tag-forstliche-mitteilung","tag-holzernteverfahren","tag-joerg-kuebert","tag-kampagne-waldarbeitschafftwerteundbewahrt","tag-naturpark-schoenbuch"],"_links":{"self":[{"href":"https:\/\/waldkritik.de\/index.php?rest_route=\/wp\/v2\/posts\/1679","targetHints":{"allow":["GET"]}}],"collection":[{"href":"https:\/\/waldkritik.de\/index.php?rest_route=\/wp\/v2\/posts"}],"about":[{"href":"https:\/\/waldkritik.de\/index.php?rest_route=\/wp\/v2\/types\/post"}],"author":[{"embeddable":true,"href":"https:\/\/waldkritik.de\/index.php?rest_route=\/wp\/v2\/users\/1"}],"replies":[{"embeddable":true,"href":"https:\/\/waldkritik.de\/index.php?rest_route=%2Fwp%2Fv2%2Fcomments&post=1679"}],"version-history":[{"count":2,"href":"https:\/\/waldkritik.de\/index.php?rest_route=\/wp\/v2\/posts\/1679\/revisions"}],"predecessor-version":[{"id":1746,"href":"https:\/\/waldkritik.de\/index.php?rest_route=\/wp\/v2\/posts\/1679\/revisions\/1746"}],"wp:attachment":[{"href":"https:\/\/waldkritik.de\/index.php?rest_route=%2Fwp%2Fv2%2Fmedia&parent=1679"}],"wp:term":[{"taxonomy":"category","embeddable":true,"href":"https:\/\/waldkritik.de\/index.php?rest_route=%2Fwp%2Fv2%2Fcategories&post=1679"},{"taxonomy":"post_tag","embeddable":true,"href":"https:\/\/waldkritik.de\/index.php?rest_route=%2Fwp%2Fv2%2Ftags&post=1679"}],"curies":[{"name":"wp","href":"https:\/\/api.w.org\/{rel}","templated":true}]}}