{"id":1682,"date":"2017-01-03T12:06:01","date_gmt":"2017-01-03T10:06:01","guid":{"rendered":"http:\/\/waldkritik.de\/?p=1682"},"modified":"2017-01-22T20:11:06","modified_gmt":"2017-01-22T18:11:06","slug":"die-initiative-hat-nachfolgendes-schreiben-an-alle-mitglieder-des-landtags-von-baden-wuerttemberg-versandt","status":"publish","type":"post","link":"https:\/\/waldkritik.de\/?p=1682","title":{"rendered":"DIE INITIATIVE HAT SICH AN DIE ABGEORDNETEN DES LANDTAGS VON BADEN-W\u00dcRTTEMBERG GEWANDT."},"content":{"rendered":"<p><!--more--><br \/>\nSehr geehrte Damen und Herren des Landtags,<\/p>\n<p>wir m\u00f6chten Sie auf unseren Beitrag zur Deutung subjektiver \u00c4sthetik im Hinblick auf Technikfolgesch\u00e4den im Wald hinweisen. Herr Dr. Schack-Kirchner und Herr Dr.Hartmann hatten sich im Ank\u00fcndigungstext der Exkursion im Rahmen der KWF-Tagung 2016 in Rhoding hierzu ge\u00e4u\u00dfert. Bitte folgen Sie dem Link:<\/p>\n<p><a href=\"http:\/www.waldkritik.de\" target=\"_blank\">http:\/www.waldkritik.de<\/a><\/p>\n<p>Wir sind der Auffassung, dass Feinerschlie\u00dfungsrichtlinie und R\u00fcckegassenkonzept von Forst BW, im Hinblick auf die in der Zwischenzeit gezeitigten Folgen f\u00fcr den Waldboden, keine Legitimation besitzen k\u00f6nnen.<\/p>\n<p>Mit freundlichen Gr\u00fc\u00dfen<\/p>\n<p>INITIATIVE WALDKRITIK<br \/>\nRichard Koch\u00b7Harald Kunz\u00b7Dr.Andreas Luther<\/p>\n","protected":false},"excerpt":{"rendered":"","protected":false},"author":1,"featured_media":0,"comment_status":"open","ping_status":"closed","sticky":false,"template":"","format":"standard","meta":{"footnotes":""},"categories":[1],"tags":[890,133,250,891,892,135,766,743,126,511,249,857,744,136,114,893,137,884],"class_list":["post-1682","post","type-post","status-publish","format-standard","hentry","category-der-wald","tag-afd-landtag-bw","tag-aesthetik","tag-bodenschutzkonzept-schoenbuch","tag-cdu-landtag-bw","tag-fdp-landtag-bw","tag-feinerschliessung","tag-gruene-landtag-bw","tag-helmer-schack-kirchner-uni-freiburg","tag-kwf-tagung","tag-landtag-bw","tag-naturpark-schoenbuch","tag-people-4-soil","tag-peter-hartmann-uni-freiburg","tag-rueckegassenkonzept","tag-schoenbuch","tag-spd-landtag-bw","tag-technikfolgeschaeden","tag-waldbodenverluste"],"_links":{"self":[{"href":"https:\/\/waldkritik.de\/index.php?rest_route=\/wp\/v2\/posts\/1682","targetHints":{"allow":["GET"]}}],"collection":[{"href":"https:\/\/waldkritik.de\/index.php?rest_route=\/wp\/v2\/posts"}],"about":[{"href":"https:\/\/waldkritik.de\/index.php?rest_route=\/wp\/v2\/types\/post"}],"author":[{"embeddable":true,"href":"https:\/\/waldkritik.de\/index.php?rest_route=\/wp\/v2\/users\/1"}],"replies":[{"embeddable":true,"href":"https:\/\/waldkritik.de\/index.php?rest_route=%2Fwp%2Fv2%2Fcomments&post=1682"}],"version-history":[{"count":8,"href":"https:\/\/waldkritik.de\/index.php?rest_route=\/wp\/v2\/posts\/1682\/revisions"}],"predecessor-version":[{"id":1734,"href":"https:\/\/waldkritik.de\/index.php?rest_route=\/wp\/v2\/posts\/1682\/revisions\/1734"}],"wp:attachment":[{"href":"https:\/\/waldkritik.de\/index.php?rest_route=%2Fwp%2Fv2%2Fmedia&parent=1682"}],"wp:term":[{"taxonomy":"category","embeddable":true,"href":"https:\/\/waldkritik.de\/index.php?rest_route=%2Fwp%2Fv2%2Fcategories&post=1682"},{"taxonomy":"post_tag","embeddable":true,"href":"https:\/\/waldkritik.de\/index.php?rest_route=%2Fwp%2Fv2%2Ftags&post=1682"}],"curies":[{"name":"wp","href":"https:\/\/api.w.org\/{rel}","templated":true}]}}