{"id":1723,"date":"2017-01-06T11:35:13","date_gmt":"2017-01-06T09:35:13","guid":{"rendered":"http:\/\/waldkritik.de\/?p=1723"},"modified":"2017-01-07T14:03:17","modified_gmt":"2017-01-07T12:03:17","slug":"quellbereiche-stehen-unter-naturschutz-und-muessten-bei-der-holzernte-geschont-werden-nicht-so-im-schoenbuch","status":"publish","type":"post","link":"https:\/\/waldkritik.de\/?p=1723","title":{"rendered":"Quellbereiche stehen unter Naturschutz und m\u00fcssen bei der Holzentnahme geschont werden &#8211; nicht so im Sch\u00f6nbuch!"},"content":{"rendered":"<p>Die Initiative hat Befahrungssch\u00e4den an der Quellflur eines besonders gesch\u00fctzten Waldbiotops bei AMMERBUCH der Umweltmeldestelle am Ministerium f\u00fcr Umwelt, Klima und Energiewirtschaft, gemeldet. Siehe Beitrag: <a href=\"https:\/\/waldkritik.de\/?p=1548\" target=\"_blank\">Bodenzerst\u00f6rung in Waldbiotopen<\/a>.<\/p>\n<p>In Bayern scheint der Schutz der Fluren mit der Wahl geeigneter Verfahren zur Holzernte und Holzbringung gew\u00e4hrleistet- siehe nachfolgende Einladung zur Demonstration=&gt; <a href=\"https:\/\/waldkritik.de\/wp-content\/uploads\/2016\/09\/Einladung-Seilkranbringung.pdf\" rel=\"\">Seilkranbringung <\/a><\/p>\n<p>Warum wurde der in \u00a7 30 BNatSchG geforderte Schutz in Waldbiotop Biotopnummer:\u00a0 7419:6019:96 nicht umgesetzt?<\/p>\n","protected":false},"excerpt":{"rendered":"<p>Die Initiative hat Befahrungssch\u00e4den an der Quellflur eines besonders gesch\u00fctzten Waldbiotops bei AMMERBUCH der Umweltmeldestelle am Ministerium f\u00fcr Umwelt, Klima und Energiewirtschaft, gemeldet. Siehe Beitrag: Bodenzerst\u00f6rung in Waldbiotopen. In Bayern scheint der Schutz der Fluren mit der Wahl geeigneter Verfahren zur Holzernte und Holzbringung gew\u00e4hrleistet- siehe nachfolgende Einladung zur Demonstration=&gt; Seilkranbringung Warum wurde der in &hellip; <a href=\"https:\/\/waldkritik.de\/?p=1723\" class=\"more-link\"><span class=\"screen-reader-text\">Quellbereiche stehen unter Naturschutz und m\u00fcssen bei der Holzentnahme geschont werden &#8211; nicht so im Sch\u00f6nbuch!<\/span> weiterlesen <span class=\"meta-nav\">&rarr;<\/span><\/a><\/p>\n","protected":false},"author":2,"featured_media":0,"comment_status":"open","ping_status":"closed","sticky":false,"template":"","format":"standard","meta":{"footnotes":""},"categories":[1],"tags":[1146,1143,24,1147,1149,1140,1142,1141,1148,1145,1144],"class_list":["post-1723","post","type-post","status-publish","format-standard","hentry","category-der-wald","tag-ammerbuch","tag-bodenzerstoerung-im-waldbiotop","tag-forst-bw","tag-holzbringung-mit-seilkran","tag-obere-naturschutzbehoerde-am-regierungspraesidium-tuebingen","tag-quellbereiche-unter-naturschutz","tag-umweltmeldestelle-am-muke","tag-umweltmeldung-zu-waldbiotop-7419601996","tag-unter-naturschutzbehoerde-tuebingen-am-landratsamt-tuebingen","tag--32-natschg","tag-30-bnatschg"],"_links":{"self":[{"href":"https:\/\/waldkritik.de\/index.php?rest_route=\/wp\/v2\/posts\/1723","targetHints":{"allow":["GET"]}}],"collection":[{"href":"https:\/\/waldkritik.de\/index.php?rest_route=\/wp\/v2\/posts"}],"about":[{"href":"https:\/\/waldkritik.de\/index.php?rest_route=\/wp\/v2\/types\/post"}],"author":[{"embeddable":true,"href":"https:\/\/waldkritik.de\/index.php?rest_route=\/wp\/v2\/users\/2"}],"replies":[{"embeddable":true,"href":"https:\/\/waldkritik.de\/index.php?rest_route=%2Fwp%2Fv2%2Fcomments&post=1723"}],"version-history":[{"count":37,"href":"https:\/\/waldkritik.de\/index.php?rest_route=\/wp\/v2\/posts\/1723\/revisions"}],"predecessor-version":[{"id":1828,"href":"https:\/\/waldkritik.de\/index.php?rest_route=\/wp\/v2\/posts\/1723\/revisions\/1828"}],"wp:attachment":[{"href":"https:\/\/waldkritik.de\/index.php?rest_route=%2Fwp%2Fv2%2Fmedia&parent=1723"}],"wp:term":[{"taxonomy":"category","embeddable":true,"href":"https:\/\/waldkritik.de\/index.php?rest_route=%2Fwp%2Fv2%2Fcategories&post=1723"},{"taxonomy":"post_tag","embeddable":true,"href":"https:\/\/waldkritik.de\/index.php?rest_route=%2Fwp%2Fv2%2Ftags&post=1723"}],"curies":[{"name":"wp","href":"https:\/\/api.w.org\/{rel}","templated":true}]}}