{"id":1928,"date":"2016-10-30T12:12:50","date_gmt":"2016-10-30T10:12:50","guid":{"rendered":"http:\/\/waldkritik.de\/?p=1928"},"modified":"2017-02-25T16:49:01","modified_gmt":"2017-02-25T14:49:01","slug":"hoechste-zeit-dass-wir-ueber-den-boden-reden","status":"publish","type":"post","link":"https:\/\/waldkritik.de\/?p=1928","title":{"rendered":"H\u00d6CHSTE ZEIT, DASS WIR \u00dcBER DEN BODEN REDEN"},"content":{"rendered":"<p>Wir \u00fcbersehen ihn, wir gehen \u00fcber ihn hinweg, wir treten ihn mit F\u00fc\u00dfen, tagt\u00e4glich. Dabei brauchen wir ihn\u00a0 wie die Luft zum Atmen. H\u00f6chste Zeit , dass wir \u00fcber den Boden reden, h\u00f6chste Zeit , dass wir ihn sch\u00fctzen . . .<!--more--><\/p>\n<p><iframe loading=\"lazy\" title=\"Let&#039;s Talk About Soil - German\" width=\"474\" height=\"267\" src=\"https:\/\/www.youtube.com\/embed\/pSQxO43CRsk?feature=oembed\" frameborder=\"0\" allow=\"accelerometer; autoplay; clipboard-write; encrypted-media; gyroscope; picture-in-picture; web-share\" referrerpolicy=\"strict-origin-when-cross-origin\" allowfullscreen><\/iframe><\/p>\n<p>&nbsp;<\/p>\n<p>&nbsp;<\/p>\n","protected":false},"excerpt":{"rendered":"<p>Wir \u00fcbersehen ihn, wir gehen \u00fcber ihn hinweg, wir treten ihn mit F\u00fc\u00dfen, tagt\u00e4glich. Dabei brauchen wir ihn\u00a0 wie die Luft zum Atmen. H\u00f6chste Zeit , dass wir \u00fcber den Boden reden, h\u00f6chste Zeit , dass wir ihn sch\u00fctzen . . .<\/p>\n","protected":false},"author":34,"featured_media":0,"comment_status":"open","ping_status":"closed","sticky":false,"template":"","format":"standard","meta":{"footnotes":""},"categories":[1],"tags":[1177],"class_list":["post-1928","post","type-post","status-publish","format-standard","hentry","category-der-wald","tag-lets-talk-about-soil"],"_links":{"self":[{"href":"https:\/\/waldkritik.de\/index.php?rest_route=\/wp\/v2\/posts\/1928","targetHints":{"allow":["GET"]}}],"collection":[{"href":"https:\/\/waldkritik.de\/index.php?rest_route=\/wp\/v2\/posts"}],"about":[{"href":"https:\/\/waldkritik.de\/index.php?rest_route=\/wp\/v2\/types\/post"}],"author":[{"embeddable":true,"href":"https:\/\/waldkritik.de\/index.php?rest_route=\/wp\/v2\/users\/34"}],"replies":[{"embeddable":true,"href":"https:\/\/waldkritik.de\/index.php?rest_route=%2Fwp%2Fv2%2Fcomments&post=1928"}],"version-history":[{"count":3,"href":"https:\/\/waldkritik.de\/index.php?rest_route=\/wp\/v2\/posts\/1928\/revisions"}],"predecessor-version":[{"id":1937,"href":"https:\/\/waldkritik.de\/index.php?rest_route=\/wp\/v2\/posts\/1928\/revisions\/1937"}],"wp:attachment":[{"href":"https:\/\/waldkritik.de\/index.php?rest_route=%2Fwp%2Fv2%2Fmedia&parent=1928"}],"wp:term":[{"taxonomy":"category","embeddable":true,"href":"https:\/\/waldkritik.de\/index.php?rest_route=%2Fwp%2Fv2%2Fcategories&post=1928"},{"taxonomy":"post_tag","embeddable":true,"href":"https:\/\/waldkritik.de\/index.php?rest_route=%2Fwp%2Fv2%2Ftags&post=1928"}],"curies":[{"name":"wp","href":"https:\/\/api.w.org\/{rel}","templated":true}]}}