{"id":198,"date":"2014-07-27T22:22:58","date_gmt":"2014-07-27T20:22:58","guid":{"rendered":"http:\/\/waldkritik.de\/?p=198"},"modified":"2016-09-18T16:29:33","modified_gmt":"2016-09-18T14:29:33","slug":"waldschaeden-durch-forstarbeiten-die-bilder-die-mountainbike-user-auf-ihren-touren-geschossen","status":"publish","type":"post","link":"https:\/\/waldkritik.de\/?p=198","title":{"rendered":"Waldsch\u00e4den durch Forstarbeiten &#8211; Beweisbilder, die MountainBIKE-User auf ihren Touren geschossen haben!"},"content":{"rendered":"<p class=\"thema\" style=\"color: #000;\"><strong>Nein, das nachfolgende Bild ist keine Fahrspur von MountainBikern, sondern von einer tonnenschweren Holzvollerntemaschine &#8211; ich w\u00fcrde sagen, die Bodenzerst\u00f6rung ist doch etwas nachhaltiger, als bei einer Fahrradtour durch den Wald!<a href=\"https:\/\/waldkritik.de\/wp-content\/uploads\/2014\/07\/MB_Waldschaeden_6_Klaus_Alberts_809d9891a488a2bfae3bce167e97b4a3_IMG_4253.jpg.4181020.jpg\"><img loading=\"lazy\" decoding=\"async\" class=\"aligncenter size-full wp-image-210\" src=\"https:\/\/waldkritik.de\/wp-content\/uploads\/2014\/07\/MB_Waldschaeden_6_Klaus_Alberts_809d9891a488a2bfae3bce167e97b4a3_IMG_4253.jpg.4181020.jpg\" alt=\"MB_Waldschaeden_6_Klaus_Alberts_809d9891a488a2bfae3bce167e97b4a3_IMG_4253.jpg.4181020\" width=\"580\" height=\"386\" srcset=\"https:\/\/waldkritik.de\/wp-content\/uploads\/2014\/07\/MB_Waldschaeden_6_Klaus_Alberts_809d9891a488a2bfae3bce167e97b4a3_IMG_4253.jpg.4181020.jpg 580w, https:\/\/waldkritik.de\/wp-content\/uploads\/2014\/07\/MB_Waldschaeden_6_Klaus_Alberts_809d9891a488a2bfae3bce167e97b4a3_IMG_4253.jpg.4181020-300x199.jpg 300w, https:\/\/waldkritik.de\/wp-content\/uploads\/2014\/07\/MB_Waldschaeden_6_Klaus_Alberts_809d9891a488a2bfae3bce167e97b4a3_IMG_4253.jpg.4181020-450x300.jpg 450w\" sizes=\"auto, (max-width: 580px) 100vw, 580px\" \/><\/a><\/strong><\/p>\n<p class=\"thema\" style=\"color: #000;\">Die Mountainbiker haben jede Menge Schadensbilder als Beweise der Waldzerst\u00f6rung von ihren MTB-Touren mitgebracht und in ihrem Online-MountainBike-Magazin ver\u00f6ffentlicht, unter dem nachfolgenden Link k\u00f6nnen Sie die Bilder ansehen:<a title=\"Waldsch\u00e4den von MountainBikern fotografiert\" href=\"http:\/\/www.mountainbike-magazin.de\/news\/waldschaeden-durch-forstarbeiten-diese-bilder-haben-die-mountainbike-user-auf-ihren-touren-geschossen.1008812.2.htm\" target=\"_blank\"><strong><span style=\"color: #0000ff;\"> http:\/\/www.mountainbike-magazin.de\/news\/waldschaeden-durch-forstarbeiten-diese-bilder-haben-die-mountainbike-user-auf-ihren-touren-geschossen.1008812.2.htm<\/span><\/strong><\/a><\/p>\n","protected":false},"excerpt":{"rendered":"<p>Nein, das nachfolgende Bild ist keine Fahrspur von MountainBikern, sondern von einer tonnenschweren Holzvollerntemaschine &#8211; ich w\u00fcrde sagen, die Bodenzerst\u00f6rung ist doch etwas nachhaltiger, als bei einer Fahrradtour durch den Wald! Die Mountainbiker haben jede Menge Schadensbilder als Beweise der Waldzerst\u00f6rung von ihren MTB-Touren mitgebracht und in ihrem Online-MountainBike-Magazin ver\u00f6ffentlicht, unter dem nachfolgenden Link k\u00f6nnen &hellip; <a href=\"https:\/\/waldkritik.de\/?p=198\" class=\"more-link\"><span class=\"screen-reader-text\">Waldsch\u00e4den durch Forstarbeiten &#8211; Beweisbilder, die MountainBIKE-User auf ihren Touren geschossen haben!<\/span> weiterlesen <span class=\"meta-nav\">&rarr;<\/span><\/a><\/p>\n","protected":false},"author":1,"featured_media":0,"comment_status":"open","ping_status":"closed","sticky":false,"template":"","format":"standard","meta":{"footnotes":""},"categories":[6,2,1,53],"tags":[28,1102,1105,65,1104],"class_list":["post-198","post","type-post","status-publish","format-standard","hentry","category-baden-wuerttemberg","category-bundeslaender","category-der-wald","category-fotogalerie","tag-bodenschaeden","tag-holzvollerntemaschine","tag-mountainbik-magazin","tag-mountainbiker","tag-schadenbilder"],"_links":{"self":[{"href":"https:\/\/waldkritik.de\/index.php?rest_route=\/wp\/v2\/posts\/198","targetHints":{"allow":["GET"]}}],"collection":[{"href":"https:\/\/waldkritik.de\/index.php?rest_route=\/wp\/v2\/posts"}],"about":[{"href":"https:\/\/waldkritik.de\/index.php?rest_route=\/wp\/v2\/types\/post"}],"author":[{"embeddable":true,"href":"https:\/\/waldkritik.de\/index.php?rest_route=\/wp\/v2\/users\/1"}],"replies":[{"embeddable":true,"href":"https:\/\/waldkritik.de\/index.php?rest_route=%2Fwp%2Fv2%2Fcomments&post=198"}],"version-history":[{"count":4,"href":"https:\/\/waldkritik.de\/index.php?rest_route=\/wp\/v2\/posts\/198\/revisions"}],"predecessor-version":[{"id":211,"href":"https:\/\/waldkritik.de\/index.php?rest_route=\/wp\/v2\/posts\/198\/revisions\/211"}],"wp:attachment":[{"href":"https:\/\/waldkritik.de\/index.php?rest_route=%2Fwp%2Fv2%2Fmedia&parent=198"}],"wp:term":[{"taxonomy":"category","embeddable":true,"href":"https:\/\/waldkritik.de\/index.php?rest_route=%2Fwp%2Fv2%2Fcategories&post=198"},{"taxonomy":"post_tag","embeddable":true,"href":"https:\/\/waldkritik.de\/index.php?rest_route=%2Fwp%2Fv2%2Ftags&post=198"}],"curies":[{"name":"wp","href":"https:\/\/api.w.org\/{rel}","templated":true}]}}