{"id":2016,"date":"2017-01-07T13:58:10","date_gmt":"2017-01-07T11:58:10","guid":{"rendered":"http:\/\/waldkritik.de\/?p=2016"},"modified":"2017-02-23T17:07:45","modified_gmt":"2017-02-23T15:07:45","slug":"stellungnahme-tuev-rheinland-lga-intercert","status":"publish","type":"post","link":"https:\/\/waldkritik.de\/?p=2016","title":{"rendered":"Stellungnahme T\u00dcV Rheinland- DIN CERTCO"},"content":{"rendered":"<p>&#8230; die Befahrungssch\u00e4den in Waldbiotop, Biotopnummer: 7419:6019:96: h\u00e4tten vermieden werden k\u00f6nnen.<\/p>\n<p><a href=\"https:\/\/waldkritik.de\/wp-content\/uploads\/2017\/01\/2016-12-23_Befahrungssch\u00e4den_Waldbiotop.pdf\" target=\"_blank\" rel=\"\">2016-12-23_befahrungsschaeden_waldbiotop<\/a><\/p>\n","protected":false},"excerpt":{"rendered":"<p>&#8230; die Befahrungssch\u00e4den in Waldbiotop, Biotopnummer: 7419:6019:96: h\u00e4tten vermieden werden k\u00f6nnen. 2016-12-23_befahrungsschaeden_waldbiotop<\/p>\n","protected":false},"author":2,"featured_media":0,"comment_status":"open","ping_status":"closed","sticky":false,"template":"","format":"standard","meta":{"footnotes":""},"categories":[1],"tags":[],"class_list":["post-2016","post","type-post","status-publish","format-standard","hentry","category-der-wald"],"_links":{"self":[{"href":"https:\/\/waldkritik.de\/index.php?rest_route=\/wp\/v2\/posts\/2016","targetHints":{"allow":["GET"]}}],"collection":[{"href":"https:\/\/waldkritik.de\/index.php?rest_route=\/wp\/v2\/posts"}],"about":[{"href":"https:\/\/waldkritik.de\/index.php?rest_route=\/wp\/v2\/types\/post"}],"author":[{"embeddable":true,"href":"https:\/\/waldkritik.de\/index.php?rest_route=\/wp\/v2\/users\/2"}],"replies":[{"embeddable":true,"href":"https:\/\/waldkritik.de\/index.php?rest_route=%2Fwp%2Fv2%2Fcomments&post=2016"}],"version-history":[{"count":3,"href":"https:\/\/waldkritik.de\/index.php?rest_route=\/wp\/v2\/posts\/2016\/revisions"}],"predecessor-version":[{"id":2082,"href":"https:\/\/waldkritik.de\/index.php?rest_route=\/wp\/v2\/posts\/2016\/revisions\/2082"}],"wp:attachment":[{"href":"https:\/\/waldkritik.de\/index.php?rest_route=%2Fwp%2Fv2%2Fmedia&parent=2016"}],"wp:term":[{"taxonomy":"category","embeddable":true,"href":"https:\/\/waldkritik.de\/index.php?rest_route=%2Fwp%2Fv2%2Fcategories&post=2016"},{"taxonomy":"post_tag","embeddable":true,"href":"https:\/\/waldkritik.de\/index.php?rest_route=%2Fwp%2Fv2%2Ftags&post=2016"}],"curies":[{"name":"wp","href":"https:\/\/api.w.org\/{rel}","templated":true}]}}