{"id":2019,"date":"2017-01-07T13:59:50","date_gmt":"2017-01-07T11:59:50","guid":{"rendered":"http:\/\/waldkritik.de\/?p=2019"},"modified":"2017-02-23T17:11:58","modified_gmt":"2017-02-23T15:11:58","slug":"waldkritik-an-tuev-rheinland-lga-intercert","status":"publish","type":"post","link":"https:\/\/waldkritik.de\/?p=2019","title":{"rendered":"Waldkritik an T\u00dcV Rheinland- DIN CERTCO"},"content":{"rendered":"<p>&#8230;Sie schreiben, dass die Sch\u00e4den der Bewirtschaftungsma\u00dfnahme 2014 zu vermeiden ge\u00adwe\u00adsen w\u00e4ren. Wir teilen diese Auffassung&#8230; weiterlesen&gt;&gt;<\/p>\n<p><a href=\"https:\/\/waldkritik.de\/wp-content\/uploads\/2017\/01\/Waldkritik-an-Intercert-5.1.2017.pdf\" rel=\"\">waldkritik-an-DIN CERTCO-5-1-2017<\/a><\/p>\n","protected":false},"excerpt":{"rendered":"<p>&#8230;Sie schreiben, dass die Sch\u00e4den der Bewirtschaftungsma\u00dfnahme 2014 zu vermeiden ge\u00adwe\u00adsen w\u00e4ren. Wir teilen diese Auffassung&#8230; weiterlesen&gt;&gt; waldkritik-an-DIN CERTCO-5-1-2017<\/p>\n","protected":false},"author":2,"featured_media":0,"comment_status":"open","ping_status":"closed","sticky":false,"template":"","format":"standard","meta":{"footnotes":""},"categories":[1],"tags":[],"class_list":["post-2019","post","type-post","status-publish","format-standard","hentry","category-der-wald"],"_links":{"self":[{"href":"https:\/\/waldkritik.de\/index.php?rest_route=\/wp\/v2\/posts\/2019","targetHints":{"allow":["GET"]}}],"collection":[{"href":"https:\/\/waldkritik.de\/index.php?rest_route=\/wp\/v2\/posts"}],"about":[{"href":"https:\/\/waldkritik.de\/index.php?rest_route=\/wp\/v2\/types\/post"}],"author":[{"embeddable":true,"href":"https:\/\/waldkritik.de\/index.php?rest_route=\/wp\/v2\/users\/2"}],"replies":[{"embeddable":true,"href":"https:\/\/waldkritik.de\/index.php?rest_route=%2Fwp%2Fv2%2Fcomments&post=2019"}],"version-history":[{"count":7,"href":"https:\/\/waldkritik.de\/index.php?rest_route=\/wp\/v2\/posts\/2019\/revisions"}],"predecessor-version":[{"id":2085,"href":"https:\/\/waldkritik.de\/index.php?rest_route=\/wp\/v2\/posts\/2019\/revisions\/2085"}],"wp:attachment":[{"href":"https:\/\/waldkritik.de\/index.php?rest_route=%2Fwp%2Fv2%2Fmedia&parent=2019"}],"wp:term":[{"taxonomy":"category","embeddable":true,"href":"https:\/\/waldkritik.de\/index.php?rest_route=%2Fwp%2Fv2%2Fcategories&post=2019"},{"taxonomy":"post_tag","embeddable":true,"href":"https:\/\/waldkritik.de\/index.php?rest_route=%2Fwp%2Fv2%2Ftags&post=2019"}],"curies":[{"name":"wp","href":"https:\/\/api.w.org\/{rel}","templated":true}]}}