{"id":206,"date":"2015-01-13T22:44:49","date_gmt":"2015-01-13T20:44:49","guid":{"rendered":"http:\/\/waldkritik.de\/?p=206"},"modified":"2016-08-12T23:02:05","modified_gmt":"2016-08-12T21:02:05","slug":"das-leitbild-des-forst-bw","status":"publish","type":"post","link":"https:\/\/waldkritik.de\/?p=206","title":{"rendered":"Das Leitbild des Forst BW"},"content":{"rendered":"<p>Sehr gut ist es, wenn die <em><strong>Forstwissenschaft den Spuren der Natur<\/strong> und nicht denen der Maschinen folgt<\/em> &#8211; denn nur dann, folgt die <em><strong>Waldwirtschaft auch den Spuren der Natur!<a href=\"https:\/\/waldkritik.de\/wp-content\/uploads\/2014\/07\/Atalanta_fungiens.jpg\"><img loading=\"lazy\" decoding=\"async\" class=\"aligncenter size-full wp-image-237\" src=\"https:\/\/waldkritik.de\/wp-content\/uploads\/2014\/07\/Atalanta_fungiens.jpg\" alt=\"Atalanta_fungiens\" width=\"905\" height=\"1000\" srcset=\"https:\/\/waldkritik.de\/wp-content\/uploads\/2014\/07\/Atalanta_fungiens.jpg 905w, https:\/\/waldkritik.de\/wp-content\/uploads\/2014\/07\/Atalanta_fungiens-271x300.jpg 271w\" sizes=\"auto, (max-width: 905px) 100vw, 905px\" \/><\/a><\/strong><\/em><\/p>\n<p>Deshalb ist es wunderbar, da\u00df man im Leitbild des &#8220;Forst Baden W\u00fcrttemberg&#8221; auch folgendes lesen kann (Hervorhebungen von der Redaktion \/ runtergeladen am 28.7.2014 \/ 22.10 Uhr):<\/p>\n<p>&#8220;<strong>Zukunft f\u00fcr den Wald, Zukunft f\u00fcr die Menschen.<\/strong><\/p>\n<p>Unsere Gesellschaft stellt hohe Anspr\u00fcche an den Wald. Er soll Holz liefern, dem Wild sowie seltenen Tieren und Pflanzen einen Lebensraum bieten, zu Spazierg\u00e4ngen einladen, f\u00fcr saubere Luft, ausgeglichenes Klima sowie frisches Wasser sorgen. <em><strong>Diese Anspr\u00fcche bilden die Basis unserer Arbeit.<\/strong><\/em><\/p>\n<p><em><strong>Grundlage unseres Handelns ist der Nachhaltigkeitsgedanke, den wir konsequent anwenden<\/strong><\/em>: Dem Wald wird nur jener Rohstoff entnommen, den er auch nachproduziert. Alle Waldfunktionen werden gleichrangig und dauerhaft f\u00fcr heutige und nachfolgende Generationen gesichert.<\/p>\n<p>Hand in Hand mit diesem \u00f6kologischen Ansatz geht auch die \u00f6konomische Perspektive: Erwirtschaftete \u00dcbersch\u00fcsse kommen sowohl der Substanz des Betriebes als auch den von uns im \u00f6kologischen und sozialem Bereich erbrachten Leistungen zu gute.<\/p>\n<p>Diese Aufgabe verlangt von uns, dass<em><strong> wir zwischen den unterschiedlichen Interessen von Waldbesitzern, B\u00fcrgern und Politik vermitteln<\/strong><\/em> und sachgerechte L\u00f6sungen erarbeiten.<br \/>\nEin gro\u00dfer Erfahrungsschatz und das Wissen von Generationen kommt uns dabei zu gute; durch <em><strong>Forschung<\/strong><\/em> sowie <em><strong>intensive Aus- und Fortbildung<\/strong><\/em> sorgen wir daf\u00fcr, dass uns diese Kompetenz erhalten bleibt.<\/p>\n<p>Die gleichzeitige Erf\u00fcllung dieser unterschiedlichen Aufgaben und Erhalt des \u00d6kosystems Wald realisieren wir mit dem Konzept der <strong><em>naturnahen Waldwirtschaft<\/em><\/strong>.<\/p>\n<p>Wir schaffen Zukunft \u2013 vertrauen Sie uns!&#8221;<\/p>\n<p>Quelle: <a title=\"Leitbild Forst BW\" href=\"http:\/\/www.forstbw.de\/forstbw\/leitbild.html\" target=\"_blank\"><strong><span style=\"color: #0000ff;\">http:\/\/forstbw.de\/forstbw\/leitbild.html<\/span><\/strong><\/a><\/p>\n<p>Ja es ist gut, wenn die <em><strong>Forstwissenschaft den Spuren der Natur<\/strong> und nicht denen der Maschinen folgt<\/em> &#8211; denn nur dann, folgt die <em><strong>Waldwirtschaft auch den Spuren der Natur!<\/strong><\/em><\/p>\n","protected":false},"excerpt":{"rendered":"<p>Sehr gut ist es, wenn die Forstwissenschaft den Spuren der Natur und nicht denen der Maschinen folgt &#8211; denn nur dann, folgt die Waldwirtschaft auch den Spuren der Natur! Deshalb ist es wunderbar, da\u00df man im Leitbild des &#8220;Forst Baden W\u00fcrttemberg&#8221; auch folgendes lesen kann (Hervorhebungen von der Redaktion \/ runtergeladen am 28.7.2014 \/ 22.10 &hellip; <a href=\"https:\/\/waldkritik.de\/?p=206\" class=\"more-link\"><span class=\"screen-reader-text\">Das Leitbild des Forst BW<\/span> weiterlesen <span class=\"meta-nav\">&rarr;<\/span><\/a><\/p>\n","protected":false},"author":1,"featured_media":0,"comment_status":"open","ping_status":"closed","sticky":false,"template":"","format":"standard","meta":{"footnotes":""},"categories":[6,2,5],"tags":[946,941,24,66,310,494,939,942,947,943,944,738,896,375,897,945,67,940,938,937],"class_list":["post-206","post","type-post","status-publish","format-standard","hentry","category-baden-wuerttemberg","category-bundeslaender","category-schoenbuch","tag-buerger","tag-erholung","tag-forst-bw","tag-forstwissenschaft","tag-holz","tag-klima","tag-luft","tag-nachhaltigkeitsgedanke","tag-naturnahe-waldwirtschaft","tag-oekologischer-ansatz","tag-oekonomische-perspektive","tag-oekosystem-wald","tag-pflanzen","tag-politik","tag-tiere","tag-waldbesitzer","tag-waldwirtschaft","tag-wasser","tag-zukunft-fuer-den-menschen","tag-zukunft-fuer-den-wald"],"_links":{"self":[{"href":"https:\/\/waldkritik.de\/index.php?rest_route=\/wp\/v2\/posts\/206","targetHints":{"allow":["GET"]}}],"collection":[{"href":"https:\/\/waldkritik.de\/index.php?rest_route=\/wp\/v2\/posts"}],"about":[{"href":"https:\/\/waldkritik.de\/index.php?rest_route=\/wp\/v2\/types\/post"}],"author":[{"embeddable":true,"href":"https:\/\/waldkritik.de\/index.php?rest_route=\/wp\/v2\/users\/1"}],"replies":[{"embeddable":true,"href":"https:\/\/waldkritik.de\/index.php?rest_route=%2Fwp%2Fv2%2Fcomments&post=206"}],"version-history":[{"count":6,"href":"https:\/\/waldkritik.de\/index.php?rest_route=\/wp\/v2\/posts\/206\/revisions"}],"predecessor-version":[{"id":238,"href":"https:\/\/waldkritik.de\/index.php?rest_route=\/wp\/v2\/posts\/206\/revisions\/238"}],"wp:attachment":[{"href":"https:\/\/waldkritik.de\/index.php?rest_route=%2Fwp%2Fv2%2Fmedia&parent=206"}],"wp:term":[{"taxonomy":"category","embeddable":true,"href":"https:\/\/waldkritik.de\/index.php?rest_route=%2Fwp%2Fv2%2Fcategories&post=206"},{"taxonomy":"post_tag","embeddable":true,"href":"https:\/\/waldkritik.de\/index.php?rest_route=%2Fwp%2Fv2%2Ftags&post=206"}],"curies":[{"name":"wp","href":"https:\/\/api.w.org\/{rel}","templated":true}]}}