{"id":2119,"date":"2017-02-25T13:37:24","date_gmt":"2017-02-25T11:37:24","guid":{"rendered":"http:\/\/waldkritik.de\/?p=2119"},"modified":"2017-09-28T13:48:31","modified_gmt":"2017-09-28T11:48:31","slug":"initiative-an-fsc-deutschland","status":"publish","type":"post","link":"https:\/\/waldkritik.de\/?p=2119","title":{"rendered":"WALDKRITIK AN FSC-DEUTSCHLAND"},"content":{"rendered":"<p>Die Initiative w\u00fcnscht eine deutschsprachige Ausgabe der Vertraulichkeitserkl\u00e4rung f\u00fcr externe Beobachter<\/p>\n<p>weiterlesen =&gt; <a href=\"https:\/\/waldkritik.de\/wp-content\/uploads\/2017\/02\/Korrespondenz-mit-H.-Seizinger.pdf\">Korrespondenz mit H. Seizinger<\/a><\/p>\n<p>weiterlesen\u00a0=&gt; <a href=\"https:\/\/waldkritik.de\/wp-content\/uploads\/2017\/02\/Initiative-an-FSC-Deutschland.pdf\">Initiative an FSC-Deutschland<\/a><\/p>\n","protected":false},"excerpt":{"rendered":"<p>Die Initiative w\u00fcnscht eine deutschsprachige Ausgabe der Vertraulichkeitserkl\u00e4rung f\u00fcr externe Beobachter weiterlesen =&gt; Korrespondenz mit H. Seizinger weiterlesen\u00a0=&gt; Initiative an FSC-Deutschland<\/p>\n","protected":false},"author":2,"featured_media":0,"comment_status":"open","ping_status":"closed","sticky":false,"template":"","format":"standard","meta":{"footnotes":""},"categories":[1],"tags":[],"class_list":["post-2119","post","type-post","status-publish","format-standard","hentry","category-der-wald"],"_links":{"self":[{"href":"https:\/\/waldkritik.de\/index.php?rest_route=\/wp\/v2\/posts\/2119","targetHints":{"allow":["GET"]}}],"collection":[{"href":"https:\/\/waldkritik.de\/index.php?rest_route=\/wp\/v2\/posts"}],"about":[{"href":"https:\/\/waldkritik.de\/index.php?rest_route=\/wp\/v2\/types\/post"}],"author":[{"embeddable":true,"href":"https:\/\/waldkritik.de\/index.php?rest_route=\/wp\/v2\/users\/2"}],"replies":[{"embeddable":true,"href":"https:\/\/waldkritik.de\/index.php?rest_route=%2Fwp%2Fv2%2Fcomments&post=2119"}],"version-history":[{"count":12,"href":"https:\/\/waldkritik.de\/index.php?rest_route=\/wp\/v2\/posts\/2119\/revisions"}],"predecessor-version":[{"id":2516,"href":"https:\/\/waldkritik.de\/index.php?rest_route=\/wp\/v2\/posts\/2119\/revisions\/2516"}],"wp:attachment":[{"href":"https:\/\/waldkritik.de\/index.php?rest_route=%2Fwp%2Fv2%2Fmedia&parent=2119"}],"wp:term":[{"taxonomy":"category","embeddable":true,"href":"https:\/\/waldkritik.de\/index.php?rest_route=%2Fwp%2Fv2%2Fcategories&post=2119"},{"taxonomy":"post_tag","embeddable":true,"href":"https:\/\/waldkritik.de\/index.php?rest_route=%2Fwp%2Fv2%2Ftags&post=2119"}],"curies":[{"name":"wp","href":"https:\/\/api.w.org\/{rel}","templated":true}]}}