{"id":219,"date":"2014-07-29T17:39:03","date_gmt":"2014-07-29T15:39:03","guid":{"rendered":"http:\/\/waldkritik.de\/?p=219"},"modified":"2016-09-18T16:23:47","modified_gmt":"2016-09-18T14:23:47","slug":"im-naechsten-winter-keine-fahrschaeden-mehr-im-schoenbuch","status":"publish","type":"post","link":"https:\/\/waldkritik.de\/?p=219","title":{"rendered":"Im n\u00e4chsten Winter keine Fahrsch\u00e4den mehr im Sch\u00f6nbuch!"},"content":{"rendered":"<p style=\"text-align: justify;\">Der n\u00e4chste Winter kommt bestimmt und deshalb ist es gut, da\u00df<em><strong> Martin Strittmatter<\/strong><\/em>, der <em>Forstdirektor in Bebenhausen<\/em>, in einem <em><strong>SWR Bericht vom 07.02.2014<\/strong><\/em>, klar formuliert hat, da\u00df die Fahrsch\u00e4den, die im letzten Winter durch <em><strong>&#8220;veraltete Technik&#8221;<\/strong><\/em> entstanden waren, aufgrund einer<em><strong> &#8220;neuen Konzeption&#8221;<\/strong><\/em> und<strong><em> &#8220;neuer Technik&#8221;<\/em><\/strong> im n\u00e4chsten Winter <em><strong>&#8220;so nicht mehr entstehen k\u00f6nnen&#8221;<\/strong><\/em>.<\/p>\n<p style=\"text-align: justify;\">Wir verlinken hier den SWR Beitrag vom 07.02.2014 (18.45 Uhr), um jedem noch mal die M\u00f6glichkeit zu bieten, sich das Gesagte in Erinnerung zu rufen, gerade rechtzeitig bevor die neue &#8216;Fahrsaison&#8221; beginnt.<\/p>\n<p style=\"text-align: justify;\">Ohne das dankenswerte <em><strong>Engagement der B\u00fcrgerinitiative &#8220;Sch\u00fctzt den Sch\u00f6nbuch&#8221;<\/strong><\/em> f\u00fcr den &#8220;<strong><em>Wald des Jahres 2014&#8243;<\/em><\/strong>, w\u00e4re wahrscheinlich weder ein Treffen mit Vertretern der zust\u00e4ndigen Forstverwaltung zustande gekommen, noch ein hoffentlich nachhaltiges Handeln im n\u00e4chsten Winter.<\/p>\n<p style=\"text-align: justify;\"><div id=\"kgvid_kgvid_0_wrapper\" class=\"kgvid_wrapper\">\n\t\t\t<div id=\"video_kgvid_0_div\" class=\"fitvidsignore kgvid_videodiv\" data-id=\"kgvid_0\" data-kgvid_video_vars=\"{&quot;id&quot;:&quot;kgvid_0&quot;,&quot;attachment_id&quot;:0,&quot;player_type&quot;:&quot;Video.js v8&quot;,&quot;width&quot;:&quot;640&quot;,&quot;height&quot;:&quot;360&quot;,&quot;fullwidth&quot;:&quot;false&quot;,&quot;fixed_aspect&quot;:&quot;false&quot;,&quot;countable&quot;:false,&quot;count_views&quot;:&quot;quarters&quot;,&quot;start&quot;:&quot;&quot;,&quot;autoplay&quot;:&quot;false&quot;,&quot;pauseothervideos&quot;:&quot;false&quot;,&quot;set_volume&quot;:&quot;1&quot;,&quot;muted&quot;:&quot;false&quot;,&quot;meta&quot;:false,&quot;endofvideooverlay&quot;:&quot;&quot;,&quot;resize&quot;:&quot;true&quot;,&quot;auto_res&quot;:&quot;automatic&quot;,&quot;pixel_ratio&quot;:&quot;true&quot;,&quot;right_click&quot;:&quot;on&quot;,&quot;playback_rate&quot;:&quot;false&quot;,&quot;title&quot;:&quot;SWR_Waldbegehung_07_02_20140_18_45.mp4&quot;,&quot;skip_buttons&quot;:[],&quot;nativecontrolsfortouch&quot;:&quot;true&quot;,&quot;locale&quot;:&quot;de&quot;,&quot;enable_resolutions_plugin&quot;:false}\" itemprop=\"video\" itemscope itemtype=\"https:\/\/schema.org\/VideoObject\"><meta itemprop=\"embedUrl\" content=\"https:\/\/waldkritik.de\/wp-content\/uploads\/Videos\/2014\/SWR_Waldbegehung_07_02_20140_18_45.mp4\"><meta itemprop=\"contentUrl\" content=\"https:\/\/waldkritik.de\/wp-content\/uploads\/Videos\/2014\/SWR_Waldbegehung_07_02_20140_18_45.mp4\"><meta itemprop=\"name\" content=\"SWR_Waldbegehung_07_02_20140_18_45.mp4\"><meta itemprop=\"description\" content=\"Video\"><meta itemprop=\"uploadDate\" content=\"2014-07-29T17:39:03+02:00\">\n\t\t\t\t<video id=\"video_kgvid_0\" playsinline controls preload=\"metadata\" width=\"640\" height=\"360\" class=\"fitvidsignore video-js kg-video-js-skin\">\n\t\t\t\t\t<source src=\"https:\/\/waldkritik.de\/wp-content\/uploads\/Videos\/2014\/SWR_Waldbegehung_07_02_20140_18_45.mp4?id=0\" type=\"video\/mp4\" data-res=\"Full\">\n\t\t\t\t<\/video>\n\t\t\t<\/div>\n\t\t<\/div><\/p>\n","protected":false},"excerpt":{"rendered":"<p>Der n\u00e4chste Winter kommt bestimmt und deshalb ist es gut, da\u00df Martin Strittmatter, der Forstdirektor in Bebenhausen, in einem SWR Bericht vom 07.02.2014, klar formuliert hat, da\u00df die Fahrsch\u00e4den, die im letzten Winter durch &#8220;veraltete Technik&#8221; entstanden waren, aufgrund einer &#8220;neuen Konzeption&#8221; und &#8220;neuer Technik&#8221; im n\u00e4chsten Winter &#8220;so nicht mehr entstehen k\u00f6nnen&#8221;. Wir verlinken &hellip; <a href=\"https:\/\/waldkritik.de\/?p=219\" class=\"more-link\"><span class=\"screen-reader-text\">Im n\u00e4chsten Winter keine Fahrsch\u00e4den mehr im Sch\u00f6nbuch!<\/span> weiterlesen <span class=\"meta-nav\">&rarr;<\/span><\/a><\/p>\n","protected":false},"author":1,"featured_media":0,"comment_status":"open","ping_status":"closed","sticky":false,"template":"","format":"standard","meta":{"footnotes":""},"categories":[6,1,56,5],"tags":[1100,796,515,24,799,239,1101,185,798,1099,114,521,795,797],"class_list":["post-219","post","type-post","status-publish","format-standard","hentry","category-baden-wuerttemberg","category-der-wald","category-einzelne-waelder-einzelne-waelder","category-schoenbuch","tag-das-wollen-wir-so-nicht","tag-befahrungssschaeden","tag-dr-christian-dietzfelbinger","tag-forst-bw","tag-forstdirektion-tuebingen","tag-gemeindewald-ammerbuch","tag-hans-joachim-ruff","tag-martin-strittmatter","tag-narturpark-schoenbuch","tag-peter-fink","tag-schoenbuch","tag-schuetzt-den-schoenbuch","tag-swr-reportage","tag-wald-des-jahres-2014"],"_links":{"self":[{"href":"https:\/\/waldkritik.de\/index.php?rest_route=\/wp\/v2\/posts\/219","targetHints":{"allow":["GET"]}}],"collection":[{"href":"https:\/\/waldkritik.de\/index.php?rest_route=\/wp\/v2\/posts"}],"about":[{"href":"https:\/\/waldkritik.de\/index.php?rest_route=\/wp\/v2\/types\/post"}],"author":[{"embeddable":true,"href":"https:\/\/waldkritik.de\/index.php?rest_route=\/wp\/v2\/users\/1"}],"replies":[{"embeddable":true,"href":"https:\/\/waldkritik.de\/index.php?rest_route=%2Fwp%2Fv2%2Fcomments&post=219"}],"version-history":[{"count":6,"href":"https:\/\/waldkritik.de\/index.php?rest_route=\/wp\/v2\/posts\/219\/revisions"}],"predecessor-version":[{"id":1840,"href":"https:\/\/waldkritik.de\/index.php?rest_route=\/wp\/v2\/posts\/219\/revisions\/1840"}],"wp:attachment":[{"href":"https:\/\/waldkritik.de\/index.php?rest_route=%2Fwp%2Fv2%2Fmedia&parent=219"}],"wp:term":[{"taxonomy":"category","embeddable":true,"href":"https:\/\/waldkritik.de\/index.php?rest_route=%2Fwp%2Fv2%2Fcategories&post=219"},{"taxonomy":"post_tag","embeddable":true,"href":"https:\/\/waldkritik.de\/index.php?rest_route=%2Fwp%2Fv2%2Ftags&post=219"}],"curies":[{"name":"wp","href":"https:\/\/api.w.org\/{rel}","templated":true}]}}