{"id":225,"date":"2014-07-31T22:47:07","date_gmt":"2014-07-31T20:47:07","guid":{"rendered":"http:\/\/waldkritik.de\/?p=225"},"modified":"2016-08-07T12:54:24","modified_gmt":"2016-08-07T10:54:24","slug":"schadenskarte-schoenbuch","status":"publish","type":"post","link":"https:\/\/waldkritik.de\/?p=225","title":{"rendered":"Schadenskarte Sch\u00f6nbuch"},"content":{"rendered":"<p style=\"text-align: justify;\">Liebe Freunde des Waldes, hier ver\u00f6ffentlichen wir unsere <strong>erste Schadenskarte<\/strong> vom <em><strong>&#8220;Wald des Jahres 2014&#8221;<\/strong><\/em>, dem <strong>Sch\u00f6nbuch<\/strong>, sollten wir Sch\u00e4den \u00fcbersehen haben oder Sie habt noch andere Schadenskarten von anderen W\u00e4ldern, dann k\u00f6nnen Sie diese uns gerne schicken oder mitteilen, wir haben den Vorsatz, alle Schadenskarten zu W\u00e4ldern in Deutschland hier als Diskussionsgrundlage zu ver\u00f6ffentlichen.<\/p>\n<p style=\"text-align: justify;\"><a href=\"https:\/\/waldkritik.de\/wp-content\/uploads\/2014\/07\/Sch\u00f6nbuch-5-001_bearbeitet1.jpg\"><img loading=\"lazy\" decoding=\"async\" class=\"aligncenter size-full wp-image-241\" src=\"https:\/\/waldkritik.de\/wp-content\/uploads\/2014\/07\/Sch\u00f6nbuch-5-001_bearbeitet1.jpg\" alt=\"Sch\u00f6nbuch 5 001_bearbeitet\" width=\"2000\" height=\"1450\" srcset=\"https:\/\/waldkritik.de\/wp-content\/uploads\/2014\/07\/Sch\u00f6nbuch-5-001_bearbeitet1.jpg 2000w, https:\/\/waldkritik.de\/wp-content\/uploads\/2014\/07\/Sch\u00f6nbuch-5-001_bearbeitet1-300x217.jpg 300w, https:\/\/waldkritik.de\/wp-content\/uploads\/2014\/07\/Sch\u00f6nbuch-5-001_bearbeitet1-1024x742.jpg 1024w, https:\/\/waldkritik.de\/wp-content\/uploads\/2014\/07\/Sch\u00f6nbuch-5-001_bearbeitet1-413x300.jpg 413w\" sizes=\"auto, (max-width: 2000px) 100vw, 2000px\" \/><\/a><\/p>\n<p style=\"text-align: justify;\">Noch einige Bemerkungen zu dieser ersten Schadenskarte: Die Initiativgruppe <em><strong>&#8220;Sch\u00fctzt den Sch\u00f6nbuch&#8221;<\/strong><\/em>, hatte vor Jahresfrist Forst BW vorgeschlagen, eine Bestandsaufnahme der Fahrsch\u00e4den im Sch\u00f6nbuch vorzunehmen. Die Forstverwaltung hat auf diesen Vorschlag nie geantwortet. Nach Erkundigung bei dem f\u00fcr den Kommunalwald zust\u00e4ndigen Mitarbeiter bei der Gemeinde Ammerbuch gibt es keine <em>Feinerschlie\u00dfungskarte<\/em> f\u00fcr den Waldbesitz der Gemeinde. Vermutlich gibt es diese auch nicht f\u00fcr die anderen Sch\u00f6nbuch-Anrainergemeinden.<br \/>\nDer f\u00fcr den Staatswald auf der Gemarkung Ammerbuch zust\u00e4ndige Revierf\u00f6rster hat die Anfrage nach Aush\u00e4ndigung einer Kopie der Feinerschlie\u00dfungspl\u00e4ne an das Kreisforstamt T\u00fcbingen verwiesen.\u00a0 Der Vertreter des Kreisforstamtes, Herr K\u00f6berele, hat eine Weitergabe der Feinerschlie\u00dfungskarte abgelehnt. Diese sei\u00a0 nur\u00a0 f\u00fcr die Mitarbeiter von Forst BW gedacht und nur diesen zug\u00e4nglich, sie sei unvollst\u00e4ndig und l\u00e4ge in unterschiedlichen Ma\u00dfst\u00e4ben vor.<br \/>\nDas l\u00e4sst den R\u00fcckschluss zu, dass die Anlage der R\u00fcckegassen bisher ohne vorhergehende Planung erfolgt ist.\u00a0 Die dem Forst f\u00fcr jeden Ausschnitt des Sch\u00f6nbuchs und der W\u00e4lder in Baden-W\u00fcrttemberg vorliegende Standortkartierung blieb bei der Feinerschlie\u00dfung genauso unber\u00fccksichtigt, wie die in den Karten angegebenen Bodenverh\u00e4ltnissen, ebenso unber\u00fccksichtigt blieben die Witterungsverh\u00e4ltnisse.<br \/>\nDie technischen M\u00f6glichkeiten, die auf die Bodenverh\u00e4ltnisse h\u00e4tten abgestimmt werden k\u00f6nnen wurden nicht ausgesch\u00f6pft. In empfindlichen Abschnitten wurde die Arbeit nicht eingestellt.<\/p>\n<p>Die Waldareale im Sch\u00f6nbuch wurden ungeplant befahren!<\/p>\n<p>Wir haben damit begonnen Fahrsch\u00e4den auf einer Karte zu dokumentieren.<\/p>\n<p style=\"text-align: justify;\">Der Kartenausschnitt des s\u00fcdlichen mittleren Sch\u00f6nbuchs zeigt massive Spursch\u00e4den,\u00a0 bef\u00fcllte und planierte R\u00fcckegassen, sowie\u00a0 Maschinenwege.<\/p>\n<p style=\"text-align: justify;\"><strong>Die roten Punkte<\/strong> stehen f\u00fcr R\u00fcckegassen mit sichtbaren, schweren Sch\u00e4den. Die markierten Schadorte geben sowohl alte als auch neue Sch\u00e4den an<\/p>\n<p style=\"text-align: justify;\"><strong>Die schwarzen Punkte<\/strong> stehen f\u00fcr aufgef\u00fcllte Teilst\u00fccke der Gassen oder\u00a0 weit gef\u00fchrte Maschinenwege.<\/p>\n<p><em>Rote und schwarze Punkte geben lediglich die Schadorte wieder, eine Gewichtung der Sch\u00e4den nach H\u00e4ufigkeit und Grad haben wir nicht vorgenommen.<\/em><br \/>\n<em>Das ist aus unserer Sicht Aufgabe der Forstverwaltung!<\/em><\/p>\n","protected":false},"excerpt":{"rendered":"<p>Liebe Freunde des Waldes, hier ver\u00f6ffentlichen wir unsere erste Schadenskarte vom &#8220;Wald des Jahres 2014&#8221;, dem Sch\u00f6nbuch, sollten wir Sch\u00e4den \u00fcbersehen haben oder Sie habt noch andere Schadenskarten von anderen W\u00e4ldern, dann k\u00f6nnen Sie diese uns gerne schicken oder mitteilen, wir haben den Vorsatz, alle Schadenskarten zu W\u00e4ldern in Deutschland hier als Diskussionsgrundlage zu ver\u00f6ffentlichen. &hellip; <a href=\"https:\/\/waldkritik.de\/?p=225\" class=\"more-link\"><span class=\"screen-reader-text\">Schadenskarte Sch\u00f6nbuch<\/span> weiterlesen <span class=\"meta-nav\">&rarr;<\/span><\/a><\/p>\n","protected":false},"author":1,"featured_media":0,"comment_status":"open","ping_status":"closed","sticky":false,"template":"","format":"standard","meta":{"footnotes":""},"categories":[55,69],"tags":[383,28,801,24,806,805,239,706,803,37,249,27,800,114,804,797],"class_list":["post-225","post","type-post","status-publish","format-standard","hentry","category-schadenskarten","category-schoenbuch-schadenskarten","tag-alexander-koeberle","tag-bodenschaeden","tag-feinerschliessungskarte","tag-forst-bw","tag-foerster-hans-joachim-ruff","tag-forstwege","tag-gemeindewald-ammerbuch","tag-inventur-der-bodenschaeden","tag-kreisforstamt-tue","tag-maschinenwege","tag-naturpark-schoenbuch","tag-rueckegassen","tag-schadenkarte-schoenbuch","tag-schoenbuch","tag-standortskartierung","tag-wald-des-jahres-2014"],"_links":{"self":[{"href":"https:\/\/waldkritik.de\/index.php?rest_route=\/wp\/v2\/posts\/225","targetHints":{"allow":["GET"]}}],"collection":[{"href":"https:\/\/waldkritik.de\/index.php?rest_route=\/wp\/v2\/posts"}],"about":[{"href":"https:\/\/waldkritik.de\/index.php?rest_route=\/wp\/v2\/types\/post"}],"author":[{"embeddable":true,"href":"https:\/\/waldkritik.de\/index.php?rest_route=\/wp\/v2\/users\/1"}],"replies":[{"embeddable":true,"href":"https:\/\/waldkritik.de\/index.php?rest_route=%2Fwp%2Fv2%2Fcomments&post=225"}],"version-history":[{"count":5,"href":"https:\/\/waldkritik.de\/index.php?rest_route=\/wp\/v2\/posts\/225\/revisions"}],"predecessor-version":[{"id":246,"href":"https:\/\/waldkritik.de\/index.php?rest_route=\/wp\/v2\/posts\/225\/revisions\/246"}],"wp:attachment":[{"href":"https:\/\/waldkritik.de\/index.php?rest_route=%2Fwp%2Fv2%2Fmedia&parent=225"}],"wp:term":[{"taxonomy":"category","embeddable":true,"href":"https:\/\/waldkritik.de\/index.php?rest_route=%2Fwp%2Fv2%2Fcategories&post=225"},{"taxonomy":"post_tag","embeddable":true,"href":"https:\/\/waldkritik.de\/index.php?rest_route=%2Fwp%2Fv2%2Ftags&post=225"}],"curies":[{"name":"wp","href":"https:\/\/api.w.org\/{rel}","templated":true}]}}