{"id":2333,"date":"2017-07-07T08:06:26","date_gmt":"2017-07-07T06:06:26","guid":{"rendered":"http:\/\/waldkritik.de\/?p=2333"},"modified":"2018-01-05T13:18:30","modified_gmt":"2018-01-05T11:18:30","slug":"bundes-bi-waldschutz-gegruendet","status":"publish","type":"post","link":"https:\/\/waldkritik.de\/?p=2333","title":{"rendered":"BUNDES BIWALDSCHUTZ GEGR\u00dcNDET"},"content":{"rendered":"<p>&#8230;R\u00fcckegassen zerschneiden, destabilisieren und zerst\u00f6ren den Wald.<\/p>\n<p><a href=\"http:\/\/www.echo-online.de\/lokales\/darmstadt\/waldschuetzer-schlagen-bundesweit-alarm_18045660.htm\">weiter zum Artikel &gt;&gt;&gt;<\/a><\/p>\n","protected":false},"excerpt":{"rendered":"<p>&#8230;R\u00fcckegassen zerschneiden, destabilisieren und zerst\u00f6ren den Wald. weiter zum Artikel &gt;&gt;&gt;<\/p>\n","protected":false},"author":2,"featured_media":0,"comment_status":"open","ping_status":"closed","sticky":false,"template":"","format":"standard","meta":{"footnotes":""},"categories":[1],"tags":[],"class_list":["post-2333","post","type-post","status-publish","format-standard","hentry","category-der-wald"],"_links":{"self":[{"href":"https:\/\/waldkritik.de\/index.php?rest_route=\/wp\/v2\/posts\/2333","targetHints":{"allow":["GET"]}}],"collection":[{"href":"https:\/\/waldkritik.de\/index.php?rest_route=\/wp\/v2\/posts"}],"about":[{"href":"https:\/\/waldkritik.de\/index.php?rest_route=\/wp\/v2\/types\/post"}],"author":[{"embeddable":true,"href":"https:\/\/waldkritik.de\/index.php?rest_route=\/wp\/v2\/users\/2"}],"replies":[{"embeddable":true,"href":"https:\/\/waldkritik.de\/index.php?rest_route=%2Fwp%2Fv2%2Fcomments&post=2333"}],"version-history":[{"count":5,"href":"https:\/\/waldkritik.de\/index.php?rest_route=\/wp\/v2\/posts\/2333\/revisions"}],"predecessor-version":[{"id":2705,"href":"https:\/\/waldkritik.de\/index.php?rest_route=\/wp\/v2\/posts\/2333\/revisions\/2705"}],"wp:attachment":[{"href":"https:\/\/waldkritik.de\/index.php?rest_route=%2Fwp%2Fv2%2Fmedia&parent=2333"}],"wp:term":[{"taxonomy":"category","embeddable":true,"href":"https:\/\/waldkritik.de\/index.php?rest_route=%2Fwp%2Fv2%2Fcategories&post=2333"},{"taxonomy":"post_tag","embeddable":true,"href":"https:\/\/waldkritik.de\/index.php?rest_route=%2Fwp%2Fv2%2Ftags&post=2333"}],"curies":[{"name":"wp","href":"https:\/\/api.w.org\/{rel}","templated":true}]}}