{"id":2390,"date":"2017-08-15T10:28:38","date_gmt":"2017-08-15T08:28:38","guid":{"rendered":"http:\/\/waldkritik.de\/?p=2390"},"modified":"2018-01-04T21:45:13","modified_gmt":"2018-01-04T19:45:13","slug":"fruehwarnsystem-fuer-drohende-bodenschaeden","status":"publish","type":"post","link":"https:\/\/waldkritik.de\/?p=2390","title":{"rendered":"FR\u00dcHWARNSYSTEM F\u00dcR DROHENDE BODENSCH\u00c4DEN"},"content":{"rendered":"<p>Arbeitsmaschinen verdichten B\u00f6den und zerst\u00f6ren N\u00e4hrstoffgrundlagen &#8230;<br \/>\nIngenieure wollen ein Fr\u00fchwarnsystem entwickeln.<\/p>\n<p>=&gt; <a href=\"http:\/\/www.ingenieur360.de\/forschung-entwicklung\/schweres-arbeitsgeraet-traegt-zum-waldsterben-bei\/\">weiterlesen <\/a><\/p>\n","protected":false},"excerpt":{"rendered":"<p>Arbeitsmaschinen verdichten B\u00f6den und zerst\u00f6ren N\u00e4hrstoffgrundlagen &#8230; Ingenieure wollen ein Fr\u00fchwarnsystem entwickeln. =&gt; weiterlesen<\/p>\n","protected":false},"author":2,"featured_media":0,"comment_status":"open","ping_status":"closed","sticky":false,"template":"","format":"standard","meta":{"footnotes":""},"categories":[1],"tags":[],"class_list":["post-2390","post","type-post","status-publish","format-standard","hentry","category-der-wald"],"_links":{"self":[{"href":"https:\/\/waldkritik.de\/index.php?rest_route=\/wp\/v2\/posts\/2390","targetHints":{"allow":["GET"]}}],"collection":[{"href":"https:\/\/waldkritik.de\/index.php?rest_route=\/wp\/v2\/posts"}],"about":[{"href":"https:\/\/waldkritik.de\/index.php?rest_route=\/wp\/v2\/types\/post"}],"author":[{"embeddable":true,"href":"https:\/\/waldkritik.de\/index.php?rest_route=\/wp\/v2\/users\/2"}],"replies":[{"embeddable":true,"href":"https:\/\/waldkritik.de\/index.php?rest_route=%2Fwp%2Fv2%2Fcomments&post=2390"}],"version-history":[{"count":5,"href":"https:\/\/waldkritik.de\/index.php?rest_route=\/wp\/v2\/posts\/2390\/revisions"}],"predecessor-version":[{"id":2699,"href":"https:\/\/waldkritik.de\/index.php?rest_route=\/wp\/v2\/posts\/2390\/revisions\/2699"}],"wp:attachment":[{"href":"https:\/\/waldkritik.de\/index.php?rest_route=%2Fwp%2Fv2%2Fmedia&parent=2390"}],"wp:term":[{"taxonomy":"category","embeddable":true,"href":"https:\/\/waldkritik.de\/index.php?rest_route=%2Fwp%2Fv2%2Fcategories&post=2390"},{"taxonomy":"post_tag","embeddable":true,"href":"https:\/\/waldkritik.de\/index.php?rest_route=%2Fwp%2Fv2%2Ftags&post=2390"}],"curies":[{"name":"wp","href":"https:\/\/api.w.org\/{rel}","templated":true}]}}