{"id":2432,"date":"2018-04-29T16:07:39","date_gmt":"2018-04-29T14:07:39","guid":{"rendered":"http:\/\/waldkritik.de\/?p=2432"},"modified":"2025-07-03T20:11:18","modified_gmt":"2025-07-03T18:11:18","slug":"forsttechnik-aus-der-schweiz","status":"publish","type":"post","link":"https:\/\/waldkritik.de\/?p=2432","title":{"rendered":"FORSTTECHNIK AUS DER SCHWEIZ"},"content":{"rendered":"<p><span style=\"color: #000000;\">Neueste Forsttechnik aus der Schweiz minimiert die Bodensch\u00e4den. Demgegen\u00fcber redet man bei ForstBW vom k\u00fcnftigen Einsatz neuer Forsttechnik \u2013 und verwendet die alte. Die Verursachung unverantwortlicher Bodensch\u00e4den bei der Holzernte im Sch\u00f6nbuch geht ungebremst weiter !<\/span><\/p>\n<p><a href=\"https:\/\/waldkritik.de\/wp-content\/uploads\/2017\/09\/Statement-Einsatz-FM-4060.pdf\">=&gt; Statement Einsatz FM 4060<\/a><\/p>\n<div id=\"metaslider-id-2451\" style=\"max-width: 500px;\" class=\"ml-slider-3-108-0 ml-slider-pro-2-7-1 metaslider metaslider-flex metaslider-2451 ml-slider ms-theme-default\" role=\"region\" aria-label=\"Neue Diashow\" data-width=\"500\">\n    <div id=\"metaslider_container_2451\">\n        <div id=\"metaslider_2451\" class=\"flexslider\">\n            <ul class='slides'>\n                <li data-thumb=\"https:\/\/waldkritik.de\/wp-content\/uploads\/2017\/09\/Bild-2-35x35.jpg\" style=\"display: block; width: 100%;\" class=\"slide-2435 ms-image \" aria-roledescription=\"slide\" data-date=\"2017-09-06 09:11:36\" data-filename=\"Bild-2-500x666.jpg\" data-slide-type=\"image\"><img loading=\"lazy\" decoding=\"async\" width=\"2448\" height=\"3264\" src=\"https:\/\/waldkritik.de\/wp-content\/uploads\/2017\/09\/Bild-2.jpg\" class=\"slider-2451 slide-2435 msDefaultImage\" alt=\"\" rel=\"\" title=\"\" srcset=\"https:\/\/waldkritik.de\/wp-content\/uploads\/2017\/09\/Bild-2.jpg 2448w, https:\/\/waldkritik.de\/wp-content\/uploads\/2017\/09\/Bild-2-225x300.jpg 225w, https:\/\/waldkritik.de\/wp-content\/uploads\/2017\/09\/Bild-2-768x1024.jpg 768w, https:\/\/waldkritik.de\/wp-content\/uploads\/2017\/09\/Bild-2-500x666.jpg 500w\" sizes=\"auto, (max-width: 2448px) 100vw, 2448px\" \/><div class=\"caption-wrap\"><div class=\"caption\">So sehen vielfach befahrene Hauptlinien nach dem Einsatz aus. Wenige Tage sp\u00e4ter w\u00e4chst das Gras wieder auf der Fahrspur.<\/div><\/div><\/li>\n                <li data-thumb=\"https:\/\/waldkritik.de\/wp-content\/uploads\/2017\/09\/Bild-3-35x35.jpg\" style=\"display: none; width: 100%;\" class=\"slide-2436 ms-image \" aria-roledescription=\"slide\" data-date=\"2017-09-06 09:13:13\" data-filename=\"Bild-3-500x375.jpg\" data-slide-type=\"image\"><img loading=\"lazy\" decoding=\"async\" width=\"3264\" height=\"2448\" src=\"https:\/\/waldkritik.de\/wp-content\/uploads\/2017\/09\/Bild-3.jpg\" class=\"slider-2451 slide-2436 msDefaultImage\" alt=\"\" rel=\"\" title=\"\" srcset=\"https:\/\/waldkritik.de\/wp-content\/uploads\/2017\/09\/Bild-3.jpg 3264w, https:\/\/waldkritik.de\/wp-content\/uploads\/2017\/09\/Bild-3-300x225.jpg 300w, https:\/\/waldkritik.de\/wp-content\/uploads\/2017\/09\/Bild-3-768x576.jpg 768w, https:\/\/waldkritik.de\/wp-content\/uploads\/2017\/09\/Bild-3-1024x768.jpg 1024w, https:\/\/waldkritik.de\/wp-content\/uploads\/2017\/09\/Bild-3-500x375.jpg 500w\" sizes=\"auto, (max-width: 3264px) 100vw, 3264px\" \/><div class=\"caption-wrap\"><div class=\"caption\">Das lange Raupenfahrwerk. Gut zu erkennen die flachen, bodenschonenden Beschl\u00e4ge und geringen Eindringtiefen in den Boden.<\/div><\/div><\/li>\n                <li data-thumb=\"https:\/\/waldkritik.de\/wp-content\/uploads\/2017\/09\/Bild-4-35x35.jpg\" style=\"display: none; width: 100%;\" class=\"slide-2437 ms-image \" aria-roledescription=\"slide\" data-date=\"2017-09-06 09:13:54\" data-filename=\"Bild-4-500x333.jpg\" data-slide-type=\"image\"><img loading=\"lazy\" decoding=\"async\" width=\"1920\" height=\"1280\" src=\"https:\/\/waldkritik.de\/wp-content\/uploads\/2017\/09\/Bild-4.jpg\" class=\"slider-2451 slide-2437 msDefaultImage\" alt=\"\" rel=\"\" title=\"\" srcset=\"https:\/\/waldkritik.de\/wp-content\/uploads\/2017\/09\/Bild-4.jpg 1920w, https:\/\/waldkritik.de\/wp-content\/uploads\/2017\/09\/Bild-4-300x200.jpg 300w, https:\/\/waldkritik.de\/wp-content\/uploads\/2017\/09\/Bild-4-768x512.jpg 768w, https:\/\/waldkritik.de\/wp-content\/uploads\/2017\/09\/Bild-4-1024x683.jpg 1024w, https:\/\/waldkritik.de\/wp-content\/uploads\/2017\/09\/Bild-4-500x333.jpg 500w\" sizes=\"auto, (max-width: 1920px) 100vw, 1920px\" \/><div class=\"caption-wrap\"><div class=\"caption\">Auf Moorwiesen - extrem weich. Gut zu sehen das Wasser, das auch bei geringem Druck aus diesen B\u00f6den quillt.<\/div><\/div><\/li>\n                <li data-thumb=\"https:\/\/waldkritik.de\/wp-content\/uploads\/2017\/09\/Bild-5-35x35.jpg\" style=\"display: none; width: 100%;\" class=\"slide-2438 ms-image \" aria-roledescription=\"slide\" data-date=\"2017-09-06 09:14:24\" data-filename=\"Bild-5-500x333.jpg\" data-slide-type=\"image\"><img loading=\"lazy\" decoding=\"async\" width=\"1920\" height=\"1280\" src=\"https:\/\/waldkritik.de\/wp-content\/uploads\/2017\/09\/Bild-5.jpg\" class=\"slider-2451 slide-2438 msDefaultImage\" alt=\"\" rel=\"\" title=\"\" srcset=\"https:\/\/waldkritik.de\/wp-content\/uploads\/2017\/09\/Bild-5.jpg 1920w, https:\/\/waldkritik.de\/wp-content\/uploads\/2017\/09\/Bild-5-300x200.jpg 300w, https:\/\/waldkritik.de\/wp-content\/uploads\/2017\/09\/Bild-5-768x512.jpg 768w, https:\/\/waldkritik.de\/wp-content\/uploads\/2017\/09\/Bild-5-1024x683.jpg 1024w, https:\/\/waldkritik.de\/wp-content\/uploads\/2017\/09\/Bild-5-500x333.jpg 500w\" sizes=\"auto, (max-width: 1920px) 100vw, 1920px\" \/><div class=\"caption-wrap\"><div class=\"caption\">Hochmoorfl\u00e4che - nach 48 \u00dcberfahrten beim Transport von Streuwiesenschnitt. Eine Naturschutzma\u00dfnahme im Burkert, Urn\u00e4sch Kanton Appenzell, Schweiz.<\/div><\/div><\/li>\n                <li data-thumb=\"https:\/\/waldkritik.de\/wp-content\/uploads\/2017\/09\/Bild-6-35x35.jpg\" style=\"display: none; width: 100%;\" class=\"slide-2439 ms-image \" aria-roledescription=\"slide\" data-date=\"2017-09-06 09:14:49\" data-filename=\"Bild-6-500x333.jpg\" data-slide-type=\"image\"><img loading=\"lazy\" decoding=\"async\" width=\"1920\" height=\"1280\" src=\"https:\/\/waldkritik.de\/wp-content\/uploads\/2017\/09\/Bild-6.jpg\" class=\"slider-2451 slide-2439 msDefaultImage\" alt=\"\" rel=\"\" title=\"\" srcset=\"https:\/\/waldkritik.de\/wp-content\/uploads\/2017\/09\/Bild-6.jpg 1920w, https:\/\/waldkritik.de\/wp-content\/uploads\/2017\/09\/Bild-6-300x200.jpg 300w, https:\/\/waldkritik.de\/wp-content\/uploads\/2017\/09\/Bild-6-768x512.jpg 768w, https:\/\/waldkritik.de\/wp-content\/uploads\/2017\/09\/Bild-6-1024x683.jpg 1024w, https:\/\/waldkritik.de\/wp-content\/uploads\/2017\/09\/Bild-6-500x333.jpg 500w\" sizes=\"auto, (max-width: 1920px) 100vw, 1920px\" \/><div class=\"caption-wrap\"><div class=\"caption\">Auch auf Torfboden dringen die Ketten durch den niedrigen Bodendruck nicht tiefer ein. Auch durch den Vortrieb hangauf wurde der Boden nicht aufgerissen oder besch\u00e4digt.<\/div><\/div><\/li>\n                <li data-thumb=\"https:\/\/waldkritik.de\/wp-content\/uploads\/2017\/09\/Bild-10-35x35.jpg\" style=\"display: none; width: 100%;\" class=\"slide-2443 ms-image \" aria-roledescription=\"slide\" data-date=\"2017-09-06 09:19:58\" data-filename=\"Bild-10-500x333.jpg\" data-slide-type=\"image\"><img loading=\"lazy\" decoding=\"async\" width=\"1920\" height=\"1280\" src=\"https:\/\/waldkritik.de\/wp-content\/uploads\/2017\/09\/Bild-10.jpg\" class=\"slider-2451 slide-2443 msDefaultImage\" alt=\"\" rel=\"\" title=\"\" srcset=\"https:\/\/waldkritik.de\/wp-content\/uploads\/2017\/09\/Bild-10.jpg 1920w, https:\/\/waldkritik.de\/wp-content\/uploads\/2017\/09\/Bild-10-300x200.jpg 300w, https:\/\/waldkritik.de\/wp-content\/uploads\/2017\/09\/Bild-10-768x512.jpg 768w, https:\/\/waldkritik.de\/wp-content\/uploads\/2017\/09\/Bild-10-1024x683.jpg 1024w, https:\/\/waldkritik.de\/wp-content\/uploads\/2017\/09\/Bild-10-500x333.jpg 500w\" sizes=\"auto, (max-width: 1920px) 100vw, 1920px\" \/><div class=\"caption-wrap\"><div class=\"caption\">Der FM 4060 auf der Elmia 2017. Typische Last bei Demonstrationsarbeiten.<\/div><\/div><\/li>\n                <li data-thumb=\"https:\/\/waldkritik.de\/wp-content\/uploads\/2017\/09\/Bild-11-35x35.jpg\" style=\"display: none; width: 100%;\" class=\"slide-2444 ms-image \" aria-roledescription=\"slide\" data-date=\"2017-09-06 09:21:06\" data-filename=\"Bild-11-500x333.jpg\" data-slide-type=\"image\"><img loading=\"lazy\" decoding=\"async\" width=\"1920\" height=\"1280\" src=\"https:\/\/waldkritik.de\/wp-content\/uploads\/2017\/09\/Bild-11.jpg\" class=\"slider-2451 slide-2444 msDefaultImage\" alt=\"\" rel=\"\" title=\"\" srcset=\"https:\/\/waldkritik.de\/wp-content\/uploads\/2017\/09\/Bild-11.jpg 1920w, https:\/\/waldkritik.de\/wp-content\/uploads\/2017\/09\/Bild-11-300x200.jpg 300w, https:\/\/waldkritik.de\/wp-content\/uploads\/2017\/09\/Bild-11-768x512.jpg 768w, https:\/\/waldkritik.de\/wp-content\/uploads\/2017\/09\/Bild-11-1024x683.jpg 1024w, https:\/\/waldkritik.de\/wp-content\/uploads\/2017\/09\/Bild-11-500x333.jpg 500w\" sizes=\"auto, (max-width: 1920px) 100vw, 1920px\" \/><div class=\"caption-wrap\"><div class=\"caption\">Die Fahrspuren des FM 4060 bei dieser zugegeben sehr nassen Gelegenheit. Mehrere hundert! \u00dcberfahrten, meist mit wie im Bild 10 gezeigter Last.<\/div><\/div><\/li>\n            <\/ul>\n        <\/div>\n        \n    <\/div>\n<\/div>\n","protected":false},"excerpt":{"rendered":"<p>Neueste Forsttechnik aus der Schweiz minimiert die Bodensch\u00e4den. Demgegen\u00fcber redet man bei ForstBW vom k\u00fcnftigen Einsatz neuer Forsttechnik \u2013 und verwendet die alte. Die Verursachung unverantwortlicher Bodensch\u00e4den bei der Holzernte im Sch\u00f6nbuch geht ungebremst weiter ! =&gt; Statement Einsatz FM 4060<\/p>\n","protected":false},"author":6,"featured_media":0,"comment_status":"open","ping_status":"closed","sticky":false,"template":"","format":"standard","meta":{"footnotes":""},"categories":[1],"tags":[],"class_list":["post-2432","post","type-post","status-publish","format-standard","hentry","category-der-wald"],"_links":{"self":[{"href":"https:\/\/waldkritik.de\/index.php?rest_route=\/wp\/v2\/posts\/2432","targetHints":{"allow":["GET"]}}],"collection":[{"href":"https:\/\/waldkritik.de\/index.php?rest_route=\/wp\/v2\/posts"}],"about":[{"href":"https:\/\/waldkritik.de\/index.php?rest_route=\/wp\/v2\/types\/post"}],"author":[{"embeddable":true,"href":"https:\/\/waldkritik.de\/index.php?rest_route=\/wp\/v2\/users\/6"}],"replies":[{"embeddable":true,"href":"https:\/\/waldkritik.de\/index.php?rest_route=%2Fwp%2Fv2%2Fcomments&post=2432"}],"version-history":[{"count":3,"href":"https:\/\/waldkritik.de\/index.php?rest_route=\/wp\/v2\/posts\/2432\/revisions"}],"predecessor-version":[{"id":2456,"href":"https:\/\/waldkritik.de\/index.php?rest_route=\/wp\/v2\/posts\/2432\/revisions\/2456"}],"wp:attachment":[{"href":"https:\/\/waldkritik.de\/index.php?rest_route=%2Fwp%2Fv2%2Fmedia&parent=2432"}],"wp:term":[{"taxonomy":"category","embeddable":true,"href":"https:\/\/waldkritik.de\/index.php?rest_route=%2Fwp%2Fv2%2Fcategories&post=2432"},{"taxonomy":"post_tag","embeddable":true,"href":"https:\/\/waldkritik.de\/index.php?rest_route=%2Fwp%2Fv2%2Ftags&post=2432"}],"curies":[{"name":"wp","href":"https:\/\/api.w.org\/{rel}","templated":true}]}}