{"id":2563,"date":"2017-11-02T09:41:28","date_gmt":"2017-11-02T07:41:28","guid":{"rendered":"http:\/\/waldkritik.de\/?p=2563"},"modified":"2017-11-02T09:45:38","modified_gmt":"2017-11-02T07:45:38","slug":"bund-landesverband-baden-wuerttemberg","status":"publish","type":"post","link":"https:\/\/waldkritik.de\/?p=2563","title":{"rendered":"BUND &#8211; LANDESVERBAND BADEN-W\u00dcRTTEMBERG"},"content":{"rendered":"<p><strong>NIMMT STELLUNG ZU DEN BEFAHRUNGSSCH\u00c4DEN IN WALDBIOTOP NR. : 7419:6019:96<\/strong><\/p>\n<p><strong>Die Gesch\u00e4ftsf\u00fchrerin Frau Pilarsky-Grosch schreibt:<br \/>\n<\/strong><\/p>\n<p>=&gt; <a href=\"https:\/\/waldkritik.de\/wp-content\/uploads\/2017\/10\/2017_10_17_Schreiben-LRA-T\u00fcbingen.pdf\">2017_10_17_Schreiben LRA T\u00fcbingen<\/a><\/p>\n","protected":false},"excerpt":{"rendered":"<p>NIMMT STELLUNG ZU DEN BEFAHRUNGSSCH\u00c4DEN IN WALDBIOTOP NR. : 7419:6019:96 Die Gesch\u00e4ftsf\u00fchrerin Frau Pilarsky-Grosch schreibt: =&gt; 2017_10_17_Schreiben LRA T\u00fcbingen<\/p>\n","protected":false},"author":2,"featured_media":0,"comment_status":"open","ping_status":"closed","sticky":false,"template":"","format":"standard","meta":{"footnotes":""},"categories":[1],"tags":[],"class_list":["post-2563","post","type-post","status-publish","format-standard","hentry","category-der-wald"],"_links":{"self":[{"href":"https:\/\/waldkritik.de\/index.php?rest_route=\/wp\/v2\/posts\/2563","targetHints":{"allow":["GET"]}}],"collection":[{"href":"https:\/\/waldkritik.de\/index.php?rest_route=\/wp\/v2\/posts"}],"about":[{"href":"https:\/\/waldkritik.de\/index.php?rest_route=\/wp\/v2\/types\/post"}],"author":[{"embeddable":true,"href":"https:\/\/waldkritik.de\/index.php?rest_route=\/wp\/v2\/users\/2"}],"replies":[{"embeddable":true,"href":"https:\/\/waldkritik.de\/index.php?rest_route=%2Fwp%2Fv2%2Fcomments&post=2563"}],"version-history":[{"count":8,"href":"https:\/\/waldkritik.de\/index.php?rest_route=\/wp\/v2\/posts\/2563\/revisions"}],"predecessor-version":[{"id":2583,"href":"https:\/\/waldkritik.de\/index.php?rest_route=\/wp\/v2\/posts\/2563\/revisions\/2583"}],"wp:attachment":[{"href":"https:\/\/waldkritik.de\/index.php?rest_route=%2Fwp%2Fv2%2Fmedia&parent=2563"}],"wp:term":[{"taxonomy":"category","embeddable":true,"href":"https:\/\/waldkritik.de\/index.php?rest_route=%2Fwp%2Fv2%2Fcategories&post=2563"},{"taxonomy":"post_tag","embeddable":true,"href":"https:\/\/waldkritik.de\/index.php?rest_route=%2Fwp%2Fv2%2Ftags&post=2563"}],"curies":[{"name":"wp","href":"https:\/\/api.w.org\/{rel}","templated":true}]}}