{"id":2597,"date":"2017-11-15T19:07:20","date_gmt":"2017-11-15T17:07:20","guid":{"rendered":"http:\/\/waldkritik.de\/?p=2597"},"modified":"2017-11-15T19:12:58","modified_gmt":"2017-11-15T17:12:58","slug":"schutzkonzept-fuer-waldboeden","status":"publish","type":"post","link":"https:\/\/waldkritik.de\/?p=2597","title":{"rendered":"SCHUTZKONZEPT F\u00dcR WALDB\u00d6DEN"},"content":{"rendered":"<p>BUND Baden-W\u00fcrttemberg : Vorstand hat Schutzkonzept f\u00fcr Waldb\u00f6den beschlossen.<\/p>\n<p>das Schutzkonzept =&gt; <a href=\"https:\/\/waldkritik.de\/wp-content\/uploads\/2017\/11\/2017-09-22-Schutzkonzept_f\u00fcr_Waldb\u00f6den_BUND_BaW\u00fc_Textteil_und_Forderungen_2017-05-20_vom_LaVo_beschlossene_Version.pdf\">2017-09-22 Schutzkonzept_f\u00fcr_Waldb\u00f6den<\/a><\/p>\n<p>Merkblatt\u00a0 =&gt; <a href=\"https:\/\/waldkritik.de\/wp-content\/uploads\/2017\/11\/2017-09-22-Schutzkonzept_f\u00fcr_Waldb\u00f6den_BUND_BaW\u00fc_Merkblatt_2017-05-20_vom_LaVo_beschlossene_Version.pdf\">2017-09-22 Merkblatt<\/a><\/p>\n","protected":false},"excerpt":{"rendered":"<p>BUND Baden-W\u00fcrttemberg : Vorstand hat Schutzkonzept f\u00fcr Waldb\u00f6den beschlossen. das Schutzkonzept =&gt; 2017-09-22 Schutzkonzept_f\u00fcr_Waldb\u00f6den Merkblatt\u00a0 =&gt; 2017-09-22 Merkblatt<\/p>\n","protected":false},"author":2,"featured_media":0,"comment_status":"open","ping_status":"closed","sticky":false,"template":"","format":"standard","meta":{"footnotes":""},"categories":[1],"tags":[],"class_list":["post-2597","post","type-post","status-publish","format-standard","hentry","category-der-wald"],"_links":{"self":[{"href":"https:\/\/waldkritik.de\/index.php?rest_route=\/wp\/v2\/posts\/2597","targetHints":{"allow":["GET"]}}],"collection":[{"href":"https:\/\/waldkritik.de\/index.php?rest_route=\/wp\/v2\/posts"}],"about":[{"href":"https:\/\/waldkritik.de\/index.php?rest_route=\/wp\/v2\/types\/post"}],"author":[{"embeddable":true,"href":"https:\/\/waldkritik.de\/index.php?rest_route=\/wp\/v2\/users\/2"}],"replies":[{"embeddable":true,"href":"https:\/\/waldkritik.de\/index.php?rest_route=%2Fwp%2Fv2%2Fcomments&post=2597"}],"version-history":[{"count":8,"href":"https:\/\/waldkritik.de\/index.php?rest_route=\/wp\/v2\/posts\/2597\/revisions"}],"predecessor-version":[{"id":2608,"href":"https:\/\/waldkritik.de\/index.php?rest_route=\/wp\/v2\/posts\/2597\/revisions\/2608"}],"wp:attachment":[{"href":"https:\/\/waldkritik.de\/index.php?rest_route=%2Fwp%2Fv2%2Fmedia&parent=2597"}],"wp:term":[{"taxonomy":"category","embeddable":true,"href":"https:\/\/waldkritik.de\/index.php?rest_route=%2Fwp%2Fv2%2Fcategories&post=2597"},{"taxonomy":"post_tag","embeddable":true,"href":"https:\/\/waldkritik.de\/index.php?rest_route=%2Fwp%2Fv2%2Ftags&post=2597"}],"curies":[{"name":"wp","href":"https:\/\/api.w.org\/{rel}","templated":true}]}}