{"id":2650,"date":"2018-01-16T12:02:13","date_gmt":"2018-01-16T10:02:13","guid":{"rendered":"http:\/\/waldkritik.de\/?p=2650"},"modified":"2018-01-26T20:48:38","modified_gmt":"2018-01-26T18:48:38","slug":"bodenschutz-als-worthuelse","status":"publish","type":"post","link":"https:\/\/waldkritik.de\/?p=2650","title":{"rendered":"BODENSCHUTZ ALS WORTH\u00dcLSE"},"content":{"rendered":"<p>Die Arbeitsgruppe Bodenschutz bei der UFB T\u00fcbingen hat im Dezember 2012 ein <em>\u201eKonzept zur Sicherstellung der dauerhaften Funktionsf\u00e4higkeit der R\u00fcckgassen im Bereich der UFB T\u00fcbingen\u201c <\/em>(im nachfolgenden Text schwarz) erstellt . Dieses wurde\u00a0 vom MLR (im nachfolgenden Text rot) \u00fcberarbeitet.<\/p>\n<p>Die Pr\u00fcfung durch \u201eWaldkritik\u201c ergibt , da\u00df dieses Konzept keinerlei Verbesserungen beim Bodenschutz bewirkt, es handelt sich um eine unverfrorene Scharlatanerie zu Lasten der B\u00f6den und zur T\u00e4uschung der \u00d6ffentlichkeit \u00fcber den zu erwartenden Bodenschaden. \u201eWaldkritik\u201c hat die wesentlichen M\u00e4ngel und Widerspr\u00fcche ( gr\u00fcn abgesetzt) bewertet<\/p>\n<p>=&gt;\u00a0 <a href=\"https:\/\/waldkritik.de\/wp-content\/uploads\/2017\/12\/Waldkritik-zur-Konzeption.pdf\">Waldkritik zur Konzeption<\/a><\/p>\n","protected":false},"excerpt":{"rendered":"<p>Die Arbeitsgruppe Bodenschutz bei der UFB T\u00fcbingen hat im Dezember 2012 ein \u201eKonzept zur Sicherstellung der dauerhaften Funktionsf\u00e4higkeit der R\u00fcckgassen im Bereich der UFB T\u00fcbingen\u201c (im nachfolgenden Text schwarz) erstellt . Dieses wurde\u00a0 vom MLR (im nachfolgenden Text rot) \u00fcberarbeitet. Die Pr\u00fcfung durch \u201eWaldkritik\u201c ergibt , da\u00df dieses Konzept keinerlei Verbesserungen beim Bodenschutz bewirkt, es &hellip; <a href=\"https:\/\/waldkritik.de\/?p=2650\" class=\"more-link\"><span class=\"screen-reader-text\">BODENSCHUTZ ALS WORTH\u00dcLSE<\/span> weiterlesen <span class=\"meta-nav\">&rarr;<\/span><\/a><\/p>\n","protected":false},"author":6,"featured_media":0,"comment_status":"open","ping_status":"closed","sticky":false,"template":"","format":"standard","meta":{"footnotes":""},"categories":[1],"tags":[],"class_list":["post-2650","post","type-post","status-publish","format-standard","hentry","category-der-wald"],"_links":{"self":[{"href":"https:\/\/waldkritik.de\/index.php?rest_route=\/wp\/v2\/posts\/2650","targetHints":{"allow":["GET"]}}],"collection":[{"href":"https:\/\/waldkritik.de\/index.php?rest_route=\/wp\/v2\/posts"}],"about":[{"href":"https:\/\/waldkritik.de\/index.php?rest_route=\/wp\/v2\/types\/post"}],"author":[{"embeddable":true,"href":"https:\/\/waldkritik.de\/index.php?rest_route=\/wp\/v2\/users\/6"}],"replies":[{"embeddable":true,"href":"https:\/\/waldkritik.de\/index.php?rest_route=%2Fwp%2Fv2%2Fcomments&post=2650"}],"version-history":[{"count":9,"href":"https:\/\/waldkritik.de\/index.php?rest_route=\/wp\/v2\/posts\/2650\/revisions"}],"predecessor-version":[{"id":2664,"href":"https:\/\/waldkritik.de\/index.php?rest_route=\/wp\/v2\/posts\/2650\/revisions\/2664"}],"wp:attachment":[{"href":"https:\/\/waldkritik.de\/index.php?rest_route=%2Fwp%2Fv2%2Fmedia&parent=2650"}],"wp:term":[{"taxonomy":"category","embeddable":true,"href":"https:\/\/waldkritik.de\/index.php?rest_route=%2Fwp%2Fv2%2Fcategories&post=2650"},{"taxonomy":"post_tag","embeddable":true,"href":"https:\/\/waldkritik.de\/index.php?rest_route=%2Fwp%2Fv2%2Ftags&post=2650"}],"curies":[{"name":"wp","href":"https:\/\/api.w.org\/{rel}","templated":true}]}}