{"id":2716,"date":"2018-01-15T23:40:24","date_gmt":"2018-01-15T21:40:24","guid":{"rendered":"https:\/\/waldkritik.de\/?p=2716"},"modified":"2018-01-15T23:40:24","modified_gmt":"2018-01-15T21:40:24","slug":"waldarbeit","status":"publish","type":"post","link":"https:\/\/waldkritik.de\/?p=2716","title":{"rendered":"WALDARBEIT"},"content":{"rendered":"<p>&#8230;Was ihr nicht tastet, steht euch meilenfern,<\/p>\n<p>Was ihr nicht fasst, das fehlt euch ganz und gar,<\/p>\n<p>Was ihr nicht rechnet, glaubt ihr, sei nicht wahr,<\/p>\n<p>Was ihr nicht w\u00e4gt, hat f\u00fcr euch kein Gewicht,<\/p>\n<p>Was ihr nicht m\u00fcnzt, das, meint ihr, gelte nicht!<\/p>\n<p>&nbsp;<\/p>\n<p>Mephistopheles in Goethes Faust<\/p>\n","protected":false},"excerpt":{"rendered":"<p>&#8230;Was ihr nicht tastet, steht euch meilenfern, Was ihr nicht fasst, das fehlt euch ganz und gar, Was ihr nicht rechnet, glaubt ihr, sei nicht wahr, Was ihr nicht w\u00e4gt, hat f\u00fcr euch kein Gewicht, Was ihr nicht m\u00fcnzt, das, meint ihr, gelte nicht! &nbsp; Mephistopheles in Goethes Faust<\/p>\n","protected":false},"author":2,"featured_media":0,"comment_status":"open","ping_status":"closed","sticky":false,"template":"","format":"standard","meta":{"footnotes":""},"categories":[1],"tags":[],"class_list":["post-2716","post","type-post","status-publish","format-standard","hentry","category-der-wald"],"_links":{"self":[{"href":"https:\/\/waldkritik.de\/index.php?rest_route=\/wp\/v2\/posts\/2716","targetHints":{"allow":["GET"]}}],"collection":[{"href":"https:\/\/waldkritik.de\/index.php?rest_route=\/wp\/v2\/posts"}],"about":[{"href":"https:\/\/waldkritik.de\/index.php?rest_route=\/wp\/v2\/types\/post"}],"author":[{"embeddable":true,"href":"https:\/\/waldkritik.de\/index.php?rest_route=\/wp\/v2\/users\/2"}],"replies":[{"embeddable":true,"href":"https:\/\/waldkritik.de\/index.php?rest_route=%2Fwp%2Fv2%2Fcomments&post=2716"}],"version-history":[{"count":5,"href":"https:\/\/waldkritik.de\/index.php?rest_route=\/wp\/v2\/posts\/2716\/revisions"}],"predecessor-version":[{"id":2721,"href":"https:\/\/waldkritik.de\/index.php?rest_route=\/wp\/v2\/posts\/2716\/revisions\/2721"}],"wp:attachment":[{"href":"https:\/\/waldkritik.de\/index.php?rest_route=%2Fwp%2Fv2%2Fmedia&parent=2716"}],"wp:term":[{"taxonomy":"category","embeddable":true,"href":"https:\/\/waldkritik.de\/index.php?rest_route=%2Fwp%2Fv2%2Fcategories&post=2716"},{"taxonomy":"post_tag","embeddable":true,"href":"https:\/\/waldkritik.de\/index.php?rest_route=%2Fwp%2Fv2%2Ftags&post=2716"}],"curies":[{"name":"wp","href":"https:\/\/api.w.org\/{rel}","templated":true}]}}