{"id":2742,"date":"2018-01-26T16:11:38","date_gmt":"2018-01-26T14:11:38","guid":{"rendered":"https:\/\/waldkritik.de\/?p=2742"},"modified":"2018-01-26T20:43:47","modified_gmt":"2018-01-26T18:43:47","slug":"wie-krieg-im-wald-schoenbuch-2018","status":"publish","type":"post","link":"https:\/\/waldkritik.de\/?p=2742","title":{"rendered":"WIE KRIEG IM WALD- SCH\u00d6NBUCH 2018"},"content":{"rendered":"<p>Erschienen: 17.01.2018: &#8212; \u00a9 Schw\u00e4bisches Tagblatt GmbH<\/p>\n<p><a href=\"https:\/\/waldkritik.de\/wp-content\/uploads\/2018\/01\/Wie-Krieg-im-Wald-SWP-Flie\u00dftext.pdf\">=&gt; Wie Krieg im Wald- Schw\u00e4bisches Tagblatt- Flie\u00dftext<\/a><\/p>\n<figure id=\"attachment_2744\" aria-describedby=\"caption-attachment-2744\" style=\"width: 862px\" class=\"wp-caption aligncenter\"><a href=\"https:\/\/waldkritik.de\/wp-content\/uploads\/2018\/01\/Sch\u00f6nbuchFurchenBildStrigl-Kopie.jpg\"><img loading=\"lazy\" decoding=\"async\" class=\"size-full wp-image-2744\" src=\"https:\/\/waldkritik.de\/wp-content\/uploads\/2018\/01\/Sch\u00f6nbuchFurchenBildStrigl-Kopie.jpg\" alt=\"\" width=\"862\" height=\"574\" srcset=\"https:\/\/waldkritik.de\/wp-content\/uploads\/2018\/01\/Sch\u00f6nbuchFurchenBildStrigl-Kopie.jpg 862w, https:\/\/waldkritik.de\/wp-content\/uploads\/2018\/01\/Sch\u00f6nbuchFurchenBildStrigl-Kopie-300x200.jpg 300w, https:\/\/waldkritik.de\/wp-content\/uploads\/2018\/01\/Sch\u00f6nbuchFurchenBildStrigl-Kopie-768x511.jpg 768w\" sizes=\"auto, (max-width: 862px) 100vw, 862px\" \/><\/a><figcaption id=\"caption-attachment-2744\" class=\"wp-caption-text\">Harald Kunz (links) und sein Mitstreiter Richard Koch vor einer frisch vom Bagger eingeebneten R\u00fcckegasse im Sch\u00f6nbuch bei Entringen. Bei N\u00e4sse sollten keine gro\u00dfen Maschinen im Wald fahren d\u00fcrfen, meint Kunz. Bild: Strigl<\/figcaption><\/figure>\n<p><a href=\"https:\/\/waldkritik.de\/wp-content\/uploads\/2018\/01\/P1010717-Kopie.jpg\"><img loading=\"lazy\" decoding=\"async\" class=\"aligncenter size-full wp-image-2745\" src=\"https:\/\/waldkritik.de\/wp-content\/uploads\/2018\/01\/P1010717-Kopie.jpg\" alt=\"\" width=\"780\" height=\"1037\" srcset=\"https:\/\/waldkritik.de\/wp-content\/uploads\/2018\/01\/P1010717-Kopie.jpg 780w, https:\/\/waldkritik.de\/wp-content\/uploads\/2018\/01\/P1010717-Kopie-226x300.jpg 226w, https:\/\/waldkritik.de\/wp-content\/uploads\/2018\/01\/P1010717-Kopie-768x1021.jpg 768w, https:\/\/waldkritik.de\/wp-content\/uploads\/2018\/01\/P1010717-Kopie-770x1024.jpg 770w\" sizes=\"auto, (max-width: 780px) 100vw, 780px\" \/><\/a>Schwer gesch\u00e4digter Bodenstreifen vor dem Baggereinsatz<\/p>\n","protected":false},"excerpt":{"rendered":"<p>Erschienen: 17.01.2018: &#8212; \u00a9 Schw\u00e4bisches Tagblatt GmbH =&gt; Wie Krieg im Wald- Schw\u00e4bisches Tagblatt- Flie\u00dftext Schwer gesch\u00e4digter Bodenstreifen vor dem Baggereinsatz<\/p>\n","protected":false},"author":2,"featured_media":0,"comment_status":"open","ping_status":"closed","sticky":false,"template":"","format":"standard","meta":{"footnotes":""},"categories":[1],"tags":[],"class_list":["post-2742","post","type-post","status-publish","format-standard","hentry","category-der-wald"],"_links":{"self":[{"href":"https:\/\/waldkritik.de\/index.php?rest_route=\/wp\/v2\/posts\/2742","targetHints":{"allow":["GET"]}}],"collection":[{"href":"https:\/\/waldkritik.de\/index.php?rest_route=\/wp\/v2\/posts"}],"about":[{"href":"https:\/\/waldkritik.de\/index.php?rest_route=\/wp\/v2\/types\/post"}],"author":[{"embeddable":true,"href":"https:\/\/waldkritik.de\/index.php?rest_route=\/wp\/v2\/users\/2"}],"replies":[{"embeddable":true,"href":"https:\/\/waldkritik.de\/index.php?rest_route=%2Fwp%2Fv2%2Fcomments&post=2742"}],"version-history":[{"count":5,"href":"https:\/\/waldkritik.de\/index.php?rest_route=\/wp\/v2\/posts\/2742\/revisions"}],"predecessor-version":[{"id":2761,"href":"https:\/\/waldkritik.de\/index.php?rest_route=\/wp\/v2\/posts\/2742\/revisions\/2761"}],"wp:attachment":[{"href":"https:\/\/waldkritik.de\/index.php?rest_route=%2Fwp%2Fv2%2Fmedia&parent=2742"}],"wp:term":[{"taxonomy":"category","embeddable":true,"href":"https:\/\/waldkritik.de\/index.php?rest_route=%2Fwp%2Fv2%2Fcategories&post=2742"},{"taxonomy":"post_tag","embeddable":true,"href":"https:\/\/waldkritik.de\/index.php?rest_route=%2Fwp%2Fv2%2Ftags&post=2742"}],"curies":[{"name":"wp","href":"https:\/\/api.w.org\/{rel}","templated":true}]}}