{"id":2770,"date":"2018-01-23T14:17:45","date_gmt":"2018-01-23T12:17:45","guid":{"rendered":"https:\/\/waldkritik.de\/?p=2770"},"modified":"2018-01-25T11:02:11","modified_gmt":"2018-01-25T09:02:11","slug":"wie-krieg-im-wald-schoenbuch-2018-2","status":"publish","type":"post","link":"https:\/\/waldkritik.de\/?p=2770","title":{"rendered":"WIE KRIEG IM WALD-SCH\u00d6NBUCH 2018"},"content":{"rendered":"<p>Klaus Borger, deutscher Forstmann und saarl\u00e4ndischer Landespolitiker, ehemaliger\u00a0 Staatssekret\u00e4r im saarl\u00e4ndischen Ministerium f\u00fcr Umwelt, Energie und Verkehr\u00a0 <a href=\"https:\/\/waldkritik.de\/wp-content\/uploads\/2018\/01\/Klaus-Borger-schreibt.pdf\">schreibt (klicken)<\/a><\/p>\n","protected":false},"excerpt":{"rendered":"<p>Klaus Borger, deutscher Forstmann und saarl\u00e4ndischer Landespolitiker, ehemaliger\u00a0 Staatssekret\u00e4r im saarl\u00e4ndischen Ministerium f\u00fcr Umwelt, Energie und Verkehr\u00a0 schreibt (klicken)<\/p>\n","protected":false},"author":2,"featured_media":0,"comment_status":"open","ping_status":"closed","sticky":false,"template":"","format":"standard","meta":{"footnotes":""},"categories":[1],"tags":[],"class_list":["post-2770","post","type-post","status-publish","format-standard","hentry","category-der-wald"],"_links":{"self":[{"href":"https:\/\/waldkritik.de\/index.php?rest_route=\/wp\/v2\/posts\/2770","targetHints":{"allow":["GET"]}}],"collection":[{"href":"https:\/\/waldkritik.de\/index.php?rest_route=\/wp\/v2\/posts"}],"about":[{"href":"https:\/\/waldkritik.de\/index.php?rest_route=\/wp\/v2\/types\/post"}],"author":[{"embeddable":true,"href":"https:\/\/waldkritik.de\/index.php?rest_route=\/wp\/v2\/users\/2"}],"replies":[{"embeddable":true,"href":"https:\/\/waldkritik.de\/index.php?rest_route=%2Fwp%2Fv2%2Fcomments&post=2770"}],"version-history":[{"count":4,"href":"https:\/\/waldkritik.de\/index.php?rest_route=\/wp\/v2\/posts\/2770\/revisions"}],"predecessor-version":[{"id":2781,"href":"https:\/\/waldkritik.de\/index.php?rest_route=\/wp\/v2\/posts\/2770\/revisions\/2781"}],"wp:attachment":[{"href":"https:\/\/waldkritik.de\/index.php?rest_route=%2Fwp%2Fv2%2Fmedia&parent=2770"}],"wp:term":[{"taxonomy":"category","embeddable":true,"href":"https:\/\/waldkritik.de\/index.php?rest_route=%2Fwp%2Fv2%2Fcategories&post=2770"},{"taxonomy":"post_tag","embeddable":true,"href":"https:\/\/waldkritik.de\/index.php?rest_route=%2Fwp%2Fv2%2Ftags&post=2770"}],"curies":[{"name":"wp","href":"https:\/\/api.w.org\/{rel}","templated":true}]}}