{"id":2851,"date":"2018-04-28T16:20:43","date_gmt":"2018-04-28T14:20:43","guid":{"rendered":"https:\/\/waldkritik.de\/?p=2851"},"modified":"2018-05-22T08:39:09","modified_gmt":"2018-05-22T06:39:09","slug":"bodenschutz-im-wald-forum-boden-gewaesser-altlasten","status":"publish","type":"post","link":"https:\/\/waldkritik.de\/?p=2851","title":{"rendered":"BODENSCHUTZ IM WALD &#8211;  Forum, Boden-Gew\u00e4sser-Altlasten"},"content":{"rendered":"<p><a href=\"https:\/\/waldkritik.de\/wp-content\/uploads\/2018\/02\/2015_Tagungsband_Bodenschutz_im_Wald.pdf\">\u00a0=&gt; 2015_Tagungsband_Bodenschutz_im_Wald<\/a><\/p>\n<p>Drei lesenswerte Aufs\u00e4tze:<\/p>\n<p>-Bodensch\u00e4den und Bodenbelastungen im Wald-geschichtl. R\u00fcckblick und aktueller Stand, Seite 6ff, Prof. J\u00f6rn Erler<\/p>\n<p>-Bodenschutz bei der Holzernte, Seite 51 ff, Thomas Jensen<\/p>\n<p>-Schutz der Boden-Biodiversit\u00e4t- Auswirkungen des Einsatzes von Holzerntemaschienen auf das Bodenmikrobiom, Seite 93ff, Beat Frey<\/p>\n","protected":false},"excerpt":{"rendered":"<p>\u00a0=&gt; 2015_Tagungsband_Bodenschutz_im_Wald Drei lesenswerte Aufs\u00e4tze: -Bodensch\u00e4den und Bodenbelastungen im Wald-geschichtl. R\u00fcckblick und aktueller Stand, Seite 6ff, Prof. J\u00f6rn Erler -Bodenschutz bei der Holzernte, Seite 51 ff, Thomas Jensen -Schutz der Boden-Biodiversit\u00e4t- Auswirkungen des Einsatzes von Holzerntemaschienen auf das Bodenmikrobiom, Seite 93ff, Beat Frey<\/p>\n","protected":false},"author":2,"featured_media":0,"comment_status":"open","ping_status":"closed","sticky":false,"template":"","format":"standard","meta":{"footnotes":""},"categories":[1],"tags":[],"class_list":["post-2851","post","type-post","status-publish","format-standard","hentry","category-der-wald"],"_links":{"self":[{"href":"https:\/\/waldkritik.de\/index.php?rest_route=\/wp\/v2\/posts\/2851","targetHints":{"allow":["GET"]}}],"collection":[{"href":"https:\/\/waldkritik.de\/index.php?rest_route=\/wp\/v2\/posts"}],"about":[{"href":"https:\/\/waldkritik.de\/index.php?rest_route=\/wp\/v2\/types\/post"}],"author":[{"embeddable":true,"href":"https:\/\/waldkritik.de\/index.php?rest_route=\/wp\/v2\/users\/2"}],"replies":[{"embeddable":true,"href":"https:\/\/waldkritik.de\/index.php?rest_route=%2Fwp%2Fv2%2Fcomments&post=2851"}],"version-history":[{"count":8,"href":"https:\/\/waldkritik.de\/index.php?rest_route=\/wp\/v2\/posts\/2851\/revisions"}],"predecessor-version":[{"id":3088,"href":"https:\/\/waldkritik.de\/index.php?rest_route=\/wp\/v2\/posts\/2851\/revisions\/3088"}],"wp:attachment":[{"href":"https:\/\/waldkritik.de\/index.php?rest_route=%2Fwp%2Fv2%2Fmedia&parent=2851"}],"wp:term":[{"taxonomy":"category","embeddable":true,"href":"https:\/\/waldkritik.de\/index.php?rest_route=%2Fwp%2Fv2%2Fcategories&post=2851"},{"taxonomy":"post_tag","embeddable":true,"href":"https:\/\/waldkritik.de\/index.php?rest_route=%2Fwp%2Fv2%2Ftags&post=2851"}],"curies":[{"name":"wp","href":"https:\/\/api.w.org\/{rel}","templated":true}]}}