{"id":2869,"date":"2018-02-19T23:41:06","date_gmt":"2018-02-19T21:41:06","guid":{"rendered":"https:\/\/waldkritik.de\/?p=2869"},"modified":"2018-03-20T18:16:37","modified_gmt":"2018-03-20T16:16:37","slug":"waldboeden","status":"publish","type":"post","link":"https:\/\/waldkritik.de\/?p=2869","title":{"rendered":"DEN WALDB\u00d6DEN&#8230;"},"content":{"rendered":"<p>\u201eUnd wenn man mich fragt,<br \/>\nauf welches Naturgut<br \/>\nes am meisten ankommt,<br \/>\nweil es am meisten gef\u00e4hrdet<br \/>\nund unersetzbar ist,<br \/>\ndann antworte ich nicht mit Klima<br \/>\noder Biodiversit\u00e4t, sondern nenne den<\/p>\n<p>Boden,<\/p>\n<p>und zwar den humusreichen,<br \/>\nmit h\u00f6chster Vielfalt belebten,<br \/>\ndas produktive Pflanzenleben sichernden<\/p>\n<p>\u201eOberboden\u201c.<\/p>\n<p>Prof. em. Wolfgang Haber, Andreas Hermes-Akademie, Bonn 2015<br \/>\n(1966 erster Lehrstuhl f\u00fcr Landschafts\u00f6kologie in Deutschland an der TU M\u00fcnchen)<\/p>\n","protected":false},"excerpt":{"rendered":"<p>\u201eUnd wenn man mich fragt, auf welches Naturgut es am meisten ankommt, weil es am meisten gef\u00e4hrdet und unersetzbar ist, dann antworte ich nicht mit Klima oder Biodiversit\u00e4t, sondern nenne den Boden, und zwar den humusreichen, mit h\u00f6chster Vielfalt belebten, das produktive Pflanzenleben sichernden \u201eOberboden\u201c. Prof. em. Wolfgang Haber, Andreas Hermes-Akademie, Bonn 2015 (1966 erster &hellip; <a href=\"https:\/\/waldkritik.de\/?p=2869\" class=\"more-link\"><span class=\"screen-reader-text\">DEN WALDB\u00d6DEN&#8230;<\/span> weiterlesen <span class=\"meta-nav\">&rarr;<\/span><\/a><\/p>\n","protected":false},"author":2,"featured_media":0,"comment_status":"open","ping_status":"closed","sticky":false,"template":"","format":"standard","meta":{"footnotes":""},"categories":[1],"tags":[],"class_list":["post-2869","post","type-post","status-publish","format-standard","hentry","category-der-wald"],"_links":{"self":[{"href":"https:\/\/waldkritik.de\/index.php?rest_route=\/wp\/v2\/posts\/2869","targetHints":{"allow":["GET"]}}],"collection":[{"href":"https:\/\/waldkritik.de\/index.php?rest_route=\/wp\/v2\/posts"}],"about":[{"href":"https:\/\/waldkritik.de\/index.php?rest_route=\/wp\/v2\/types\/post"}],"author":[{"embeddable":true,"href":"https:\/\/waldkritik.de\/index.php?rest_route=\/wp\/v2\/users\/2"}],"replies":[{"embeddable":true,"href":"https:\/\/waldkritik.de\/index.php?rest_route=%2Fwp%2Fv2%2Fcomments&post=2869"}],"version-history":[{"count":3,"href":"https:\/\/waldkritik.de\/index.php?rest_route=\/wp\/v2\/posts\/2869\/revisions"}],"predecessor-version":[{"id":2976,"href":"https:\/\/waldkritik.de\/index.php?rest_route=\/wp\/v2\/posts\/2869\/revisions\/2976"}],"wp:attachment":[{"href":"https:\/\/waldkritik.de\/index.php?rest_route=%2Fwp%2Fv2%2Fmedia&parent=2869"}],"wp:term":[{"taxonomy":"category","embeddable":true,"href":"https:\/\/waldkritik.de\/index.php?rest_route=%2Fwp%2Fv2%2Fcategories&post=2869"},{"taxonomy":"post_tag","embeddable":true,"href":"https:\/\/waldkritik.de\/index.php?rest_route=%2Fwp%2Fv2%2Ftags&post=2869"}],"curies":[{"name":"wp","href":"https:\/\/api.w.org\/{rel}","templated":true}]}}