{"id":2872,"date":"2018-03-13T09:10:52","date_gmt":"2018-03-13T07:10:52","guid":{"rendered":"https:\/\/waldkritik.de\/?p=2872"},"modified":"2018-03-21T07:56:51","modified_gmt":"2018-03-21T05:56:51","slug":"offener-brief-2","status":"publish","type":"post","link":"https:\/\/waldkritik.de\/?p=2872","title":{"rendered":"OFFENER BRIEF AN DIE POLITIK"},"content":{"rendered":"<p>Waldkritik hat sich in einem Offenen Brief an die Vertreter der Sch\u00f6nbuchanrainergemeinden\u00a0 und an die Mitglieder des Landtags von Baden-W\u00fcrttemberg gewandt. Anlass hierzu sind neuerliche Sch\u00e4den im Gemeindewald Entringen und anderen Waldstandorten in Baden-W\u00fcrttemberg.<\/p>\n<p><a href=\"https:\/\/waldkritik.de\/wp-content\/uploads\/2018\/02\/Sch\u00f6nbuchanrainergemeinden.pdf\">=&gt; Sch\u00f6nbuchanrainergemeinden<\/a><\/p>\n<p><a href=\"https:\/\/waldkritik.de\/wp-content\/uploads\/2018\/03\/Waldkritik-an-die-Mitglieder-des-Landtags.pdf\">=&gt;\u00a0 Waldkritik an die Mitglieder des Landtags<\/a><\/p>\n<p><a href=\"https:\/\/waldkritik.de\/wp-content\/uploads\/2018\/02\/Fotos-Gemeindewald-Entringen.pdf\">=&gt; Fotos Gemeindewald Entringen<\/a><\/p>\n","protected":false},"excerpt":{"rendered":"<p>Waldkritik hat sich in einem Offenen Brief an die Vertreter der Sch\u00f6nbuchanrainergemeinden\u00a0 und an die Mitglieder des Landtags von Baden-W\u00fcrttemberg gewandt. Anlass hierzu sind neuerliche Sch\u00e4den im Gemeindewald Entringen und anderen Waldstandorten in Baden-W\u00fcrttemberg. =&gt; Sch\u00f6nbuchanrainergemeinden =&gt;\u00a0 Waldkritik an die Mitglieder des Landtags =&gt; Fotos Gemeindewald Entringen<\/p>\n","protected":false},"author":2,"featured_media":0,"comment_status":"open","ping_status":"closed","sticky":false,"template":"","format":"standard","meta":{"footnotes":""},"categories":[1],"tags":[],"class_list":["post-2872","post","type-post","status-publish","format-standard","hentry","category-der-wald"],"_links":{"self":[{"href":"https:\/\/waldkritik.de\/index.php?rest_route=\/wp\/v2\/posts\/2872","targetHints":{"allow":["GET"]}}],"collection":[{"href":"https:\/\/waldkritik.de\/index.php?rest_route=\/wp\/v2\/posts"}],"about":[{"href":"https:\/\/waldkritik.de\/index.php?rest_route=\/wp\/v2\/types\/post"}],"author":[{"embeddable":true,"href":"https:\/\/waldkritik.de\/index.php?rest_route=\/wp\/v2\/users\/2"}],"replies":[{"embeddable":true,"href":"https:\/\/waldkritik.de\/index.php?rest_route=%2Fwp%2Fv2%2Fcomments&post=2872"}],"version-history":[{"count":7,"href":"https:\/\/waldkritik.de\/index.php?rest_route=\/wp\/v2\/posts\/2872\/revisions"}],"predecessor-version":[{"id":2982,"href":"https:\/\/waldkritik.de\/index.php?rest_route=\/wp\/v2\/posts\/2872\/revisions\/2982"}],"wp:attachment":[{"href":"https:\/\/waldkritik.de\/index.php?rest_route=%2Fwp%2Fv2%2Fmedia&parent=2872"}],"wp:term":[{"taxonomy":"category","embeddable":true,"href":"https:\/\/waldkritik.de\/index.php?rest_route=%2Fwp%2Fv2%2Fcategories&post=2872"},{"taxonomy":"post_tag","embeddable":true,"href":"https:\/\/waldkritik.de\/index.php?rest_route=%2Fwp%2Fv2%2Ftags&post=2872"}],"curies":[{"name":"wp","href":"https:\/\/api.w.org\/{rel}","templated":true}]}}